{"id":1925,"date":"2025-11-19T13:37:12","date_gmt":"2025-11-19T12:37:12","guid":{"rendered":"https:\/\/tsv-heiningen.de\/leichtathletik\/?p=1925"},"modified":"2025-11-20T10:27:51","modified_gmt":"2025-11-20T09:27:51","slug":"grusswort-bm-matthias-kreuzinger-zum-dkl-2026","status":"publish","type":"post","link":"https:\/\/tsv-heiningen.de\/leichtathletik\/2025\/11\/19\/grusswort-bm-matthias-kreuzinger-zum-dkl-2026\/","title":{"rendered":"Gru\u00dfwort BM Matthias Kreuzinger zum DKL 2026"},"content":{"rendered":"<p><img decoding=\"async\" class=\"alignnone size-full wp-image-1929\" src=\"https:\/\/tsv-heiningen.de\/leichtathletik\/wp-content\/uploads\/sites\/24\/LOGO_Gemeinde_Heiningen.jpg\" alt=\"Logo Gemeinde Heiningen\" width=\"1127\" height=\"322\" srcset=\"https:\/\/tsv-heiningen.de\/leichtathletik\/wp-content\/uploads\/sites\/24\/LOGO_Gemeinde_Heiningen.jpg 1127w, https:\/\/tsv-heiningen.de\/leichtathletik\/wp-content\/uploads\/sites\/24\/LOGO_Gemeinde_Heiningen-768x219.jpg 768w\" sizes=\"(max-width: 1127px) 100vw, 1127px\" \/><\/p>\n<p>Liebe L\u00e4uferinnen und L\u00e4ufer,<\/p>\n<p>liebe Sportbegeisterte,<\/p>\n<p>liebe Besucherinnen und Besucher des Dreik\u00f6nigslaufes,<\/p>\n<p>das Jahr 2025 neigt sich dem Ende entgegen und damit r\u00fcckt der <strong>6. Januar 2026 ein St\u00fcck <\/strong>n\u00e4her. Viele von Ihnen wissen l\u00e4ngst, dass dieser Tag in Heiningen traditionell ganz im Zeichen des Laufsports steht. Unser Drei-K\u00f6nigs-Lauf (DKL) er\u00f6ffnet das sportliche Jahr in unserer Gemeinde und bietet Ihnen die Gelegenheit, zum Ende der Feiertage und der Ferien wieder einen gro\u00dfartigen Winterlauf in unserer Region zu erleben.<\/p>\n<p><img decoding=\"async\" class=\"alignnone size-full wp-image-1931\" src=\"https:\/\/tsv-heiningen.de\/leichtathletik\/wp-content\/uploads\/sites\/24\/BM_M_Kreuzinger_und_Heininger_Star_schmal.jpg\" alt=\"BM Matthias Kreuzinger und Heininger Star\" width=\"1668\" height=\"1080\" srcset=\"https:\/\/tsv-heiningen.de\/leichtathletik\/wp-content\/uploads\/sites\/24\/BM_M_Kreuzinger_und_Heininger_Star_schmal.jpg 1668w, https:\/\/tsv-heiningen.de\/leichtathletik\/wp-content\/uploads\/sites\/24\/BM_M_Kreuzinger_und_Heininger_Star_schmal-768x497.jpg 768w, https:\/\/tsv-heiningen.de\/leichtathletik\/wp-content\/uploads\/sites\/24\/BM_M_Kreuzinger_und_Heininger_Star_schmal-1536x995.jpg 1536w\" sizes=\"(max-width: 1668px) 100vw, 1668px\" \/><\/p>\n<p>Die Strecken von 5,6 und 10,4 km f\u00fchren Sie durch unser sch\u00f6nes Voralbgebiet, vor der herrlichen Kulisse vor Fuchseck, Sielenwang und Kornberg. Bei den angebotenen Strecken ist mit Sicherheit etwas f\u00fcr jeden kleinen und gro\u00dfen L\u00e4ufer, ob Rookie oder Profi dabei. Der Spa\u00df an der Bewegung und am Laufen steht dabei nat\u00fcrlich an erster Stelle. Eine Besonderheit in Heiningen ist der Feuerwehrlauf, der im letzten Jahr sehr gut besucht war und welcher mir doch gro\u00dfen Respekt abn\u00f6tigt.<\/p>\n<p>Im letzten Jahr war es mir eine besondere Freude erstmalig die L\u00e4uferinnen und L\u00e4ufer gemeinsam mit unserem Maskottchen \u201eHeini\u201c auf die Strecke zu schicken und zusammen mit dem TSV Heiningen auch die Siegerehrungen vornehmen zu d\u00fcrfen. Auch im kommenden Jahr werde ich deshalb wieder mit dabei sein und diese tolle Veranstaltung und die Ehrenamtlichen des TSV Heiningen gerne unterst\u00fctzen!<\/p>\n<p>Als B\u00fcrgermeister der Gemeinde Heiningen lade ich Sie ein: Seien Sie auch dabei beim DKL und in und um unsere sch\u00f6ne TSV Halle. Ob als Athlet auf der Strecke oder auch als Zuschauer beim Anfeuern im Start- und Zieleinlauf!<\/p>\n<p>Also, melden Sie sich jetzt schon zum DKL an und wir sehen uns am 6. Januar 2026 hier in Heiningen!<\/p>\n<p>Es gr\u00fc\u00dft Sie herzlich Ihr<\/p>\n<p>&nbsp;<\/p>\n<p>Matthias Kreuzinger<br \/>\nB\u00fcrgermeister<\/p>\n","protected":false},"excerpt":{"rendered":"<p>Liebe L\u00e4uferinnen und L\u00e4ufer, liebe Sportbegeisterte, liebe Besucherinnen und Besucher des Dreik\u00f6nigslaufes, das Jahr 2025 neigt sich dem Ende entgegen und damit r\u00fcckt der 6. Januar 2026 ein St\u00fcck n\u00e4her. Viele von Ihnen wissen l\u00e4ngst, dass dieser Tag in Heiningen traditionell ganz im Zeichen des Laufsports steht. Unser Drei-K\u00f6nigs-Lauf (DKL) er\u00f6ffnet das sportliche Jahr in [&hellip;]<\/p>\n","protected":false},"author":47,"featured_media":1930,"comment_status":"open","ping_status":"open","sticky":false,"template":"","format":"standard","meta":{"_acf_changed":false,"footnotes":""},"categories":[1],"tags":[],"class_list":["post-1925","post","type-post","status-publish","format-standard","has-post-thumbnail","hentry","category-allgemein"],"acf":[],"_links":{"self":[{"href":"https:\/\/tsv-heiningen.de\/leichtathletik\/wp-json\/wp\/v2\/posts\/1925","targetHints":{"allow":["GET"]}}],"collection":[{"href":"https:\/\/tsv-heiningen.de\/leichtathletik\/wp-json\/wp\/v2\/posts"}],"about":[{"href":"https:\/\/tsv-heiningen.de\/leichtathletik\/wp-json\/wp\/v2\/types\/post"}],"author":[{"embeddable":true,"href":"https:\/\/tsv-heiningen.de\/leichtathletik\/wp-json\/wp\/v2\/users\/47"}],"replies":[{"embeddable":true,"href":"https:\/\/tsv-heiningen.de\/leichtathletik\/wp-json\/wp\/v2\/comments?post=1925"}],"version-history":[{"count":5,"href":"https:\/\/tsv-heiningen.de\/leichtathletik\/wp-json\/wp\/v2\/posts\/1925\/revisions"}],"predecessor-version":[{"id":1933,"href":"https:\/\/tsv-heiningen.de\/leichtathletik\/wp-json\/wp\/v2\/posts\/1925\/revisions\/1933"}],"wp:featuredmedia":[{"embeddable":true,"href":"https:\/\/tsv-heiningen.de\/leichtathletik\/wp-json\/wp\/v2\/media\/1930"}],"wp:attachment":[{"href":"https:\/\/tsv-heiningen.de\/leichtathletik\/wp-json\/wp\/v2\/media?parent=1925"}],"wp:term":[{"taxonomy":"category","embeddable":true,"href":"https:\/\/tsv-heiningen.de\/leichtathletik\/wp-json\/wp\/v2\/categories?post=1925"},{"taxonomy":"post_tag","embeddable":true,"href":"https:\/\/tsv-heiningen.de\/leichtathletik\/wp-json\/wp\/v2\/tags?post=1925"}],"curies":[{"name":"wp","href":"https:\/\/api.w.org\/{rel}","templated":true}]}}