{"id":1758,"date":"2024-12-13T09:49:15","date_gmt":"2024-12-13T08:49:15","guid":{"rendered":"https:\/\/tsv-heiningen.de\/leichtathletik\/?p=1758"},"modified":"2024-12-13T10:12:09","modified_gmt":"2024-12-13T09:12:09","slug":"grusswort-matthias-aufrecht-zum-dkl-2025","status":"publish","type":"post","link":"https:\/\/tsv-heiningen.de\/leichtathletik\/2024\/12\/13\/grusswort-matthias-aufrecht-zum-dkl-2025\/","title":{"rendered":"Gru\u00dfwort BM Matthias Kreuzinger zum DKL 2025"},"content":{"rendered":"<p style=\"text-align: left\"><img decoding=\"async\" class=\"wp-image-1761 alignleft\" src=\"https:\/\/tsv-heiningen.de\/leichtathletik\/wp-content\/uploads\/sites\/24\/DANIEL-GIMMER-PHOTOGRAPHY_KREUZINGER_0455_60.jpg\" alt=\"B\u00fcrgermeister Matthias Aufrecht (2024)\" width=\"278\" height=\"185\" srcset=\"https:\/\/tsv-heiningen.de\/leichtathletik\/wp-content\/uploads\/sites\/24\/DANIEL-GIMMER-PHOTOGRAPHY_KREUZINGER_0455_60.jpg 821w, https:\/\/tsv-heiningen.de\/leichtathletik\/wp-content\/uploads\/sites\/24\/DANIEL-GIMMER-PHOTOGRAPHY_KREUZINGER_0455_60-768x512.jpg 768w\" sizes=\"(max-width: 278px) 100vw, 278px\" \/><\/p>\n<p>&nbsp;<\/p>\n<h3 style=\"text-align: left\"><span style=\"color: #ffffff\"><strong>Liebe L\u00e4uferinnen und L\u00e4ufer,<\/strong><\/span><\/h3>\n<h3><span style=\"color: #ffffff\"><strong>liebe Besucher des Heininger Drei-K\u00f6nigs-Laufes,<\/strong><\/span><\/h3>\n<p>&nbsp;<\/p>\n<p><span style=\"color: #ffffff\">bald ist es wieder soweit. Mit dem Heininger Drei-K\u00f6nigs-Lauf (DKL) am 6. Januar 2025 steht das erste sportliche Highlight des Jahres auf dem Programm. Der Drei-K\u00f6nigs-Lauf in Heiningen hat bereits viele Jahre Tradition \u2013 nahezu ein Vierteljahrhundert &#8211; und ist als fester Bestandteil der Winterlaufserie in der Region nicht wegzudenken. Als B\u00fcrgermeister der Gemeinde Heiningen freue ich mich daher sehr, Sie im kommenden Jahr bei uns in Heiningen in und um die TSV Halle im Kurzl\u00e4nd begr\u00fc\u00dfen zu d\u00fcrfen. Ob als Athlet oder auch als Zuschauer!<\/span><\/p>\n<p>&nbsp;<\/p>\n<p><span style=\"color: #ffffff\">In diesem Jahr werden wieder insgesamt sechs L\u00e4ufe und eine Nordic Walking Runde angeboten. Von Klein bis Gro\u00df, von Einsteiger \u00fcber Profi, f\u00fcr alle Laufbegeisterten ist in Heiningen etwas dabei. Ein echter Volkslauf also! Besondere Highlights sind die beiden Feuerwehrl\u00e4ufe \u00fcber die 5,6 und 10,4 Kilometerdistanz, die es so nirgends anders gibt. Die Abteilung Leichtathletik unseres TSV Heiningen 1892 e. V. hat wie immer alles bestens organisiert und freut sich schon sehr darauf, das Laufevent zu Beginn des neuen Jahres auszurichten zu k\u00f6nnen. Die Gemeinde Heiningen und ich unterst\u00fctzen die Veranstaltung sehr gerne und w\u00fcnschen Ihnen viel Freude und Begeisterung auf \u201eIhrer\u201c Distanz beim Drei-K\u00f6nigs-Lauf 2025!<\/span><\/p>\n<p>&nbsp;<\/p>\n<p><span style=\"color: #ffffff\">Also, melden Sie sich an und kommen Sie nach Heiningen!<\/span><\/p>\n<p>&nbsp;<\/p>\n<p><span style=\"color: #ffffff\">Es gr\u00fc\u00dft Sie herzlich Ihr<\/span><\/p>\n<p>&nbsp;<\/p>\n<p><span style=\"color: #ffffff\">Matthias Kreuzinger<\/span><\/p>\n<p><span style=\"color: #ffffff\">B\u00fcrgermeister<\/span><\/p>\n","protected":false},"excerpt":{"rendered":"<p>&nbsp; Liebe L\u00e4uferinnen und L\u00e4ufer, liebe Besucher des Heininger Drei-K\u00f6nigs-Laufes, &nbsp; bald ist es wieder soweit. Mit dem Heininger Drei-K\u00f6nigs-Lauf (DKL) am 6. Januar 2025 steht das erste sportliche Highlight des Jahres auf dem Programm. Der Drei-K\u00f6nigs-Lauf in Heiningen hat bereits viele Jahre Tradition \u2013 nahezu ein Vierteljahrhundert &#8211; und ist als fester Bestandteil der [&hellip;]<\/p>\n","protected":false},"author":47,"featured_media":1761,"comment_status":"open","ping_status":"open","sticky":false,"template":"","format":"standard","meta":{"_acf_changed":false,"footnotes":""},"categories":[1],"tags":[],"class_list":["post-1758","post","type-post","status-publish","format-standard","has-post-thumbnail","hentry","category-allgemein"],"acf":[],"_links":{"self":[{"href":"https:\/\/tsv-heiningen.de\/leichtathletik\/wp-json\/wp\/v2\/posts\/1758","targetHints":{"allow":["GET"]}}],"collection":[{"href":"https:\/\/tsv-heiningen.de\/leichtathletik\/wp-json\/wp\/v2\/posts"}],"about":[{"href":"https:\/\/tsv-heiningen.de\/leichtathletik\/wp-json\/wp\/v2\/types\/post"}],"author":[{"embeddable":true,"href":"https:\/\/tsv-heiningen.de\/leichtathletik\/wp-json\/wp\/v2\/users\/47"}],"replies":[{"embeddable":true,"href":"https:\/\/tsv-heiningen.de\/leichtathletik\/wp-json\/wp\/v2\/comments?post=1758"}],"version-history":[{"count":7,"href":"https:\/\/tsv-heiningen.de\/leichtathletik\/wp-json\/wp\/v2\/posts\/1758\/revisions"}],"predecessor-version":[{"id":1814,"href":"https:\/\/tsv-heiningen.de\/leichtathletik\/wp-json\/wp\/v2\/posts\/1758\/revisions\/1814"}],"wp:featuredmedia":[{"embeddable":true,"href":"https:\/\/tsv-heiningen.de\/leichtathletik\/wp-json\/wp\/v2\/media\/1761"}],"wp:attachment":[{"href":"https:\/\/tsv-heiningen.de\/leichtathletik\/wp-json\/wp\/v2\/media?parent=1758"}],"wp:term":[{"taxonomy":"category","embeddable":true,"href":"https:\/\/tsv-heiningen.de\/leichtathletik\/wp-json\/wp\/v2\/categories?post=1758"},{"taxonomy":"post_tag","embeddable":true,"href":"https:\/\/tsv-heiningen.de\/leichtathletik\/wp-json\/wp\/v2\/tags?post=1758"}],"curies":[{"name":"wp","href":"https:\/\/api.w.org\/{rel}","templated":true}]}}