{"id":7196,"date":"2016-03-30T20:27:55","date_gmt":"2016-03-30T19:27:55","guid":{"rendered":"http:\/\/www.heiningen-handball.de\/?p=7196"},"modified":"2016-03-30T20:27:55","modified_gmt":"2016-03-30T19:27:55","slug":"staren-gegen-fuechse","status":"publish","type":"post","link":"https:\/\/tsv-heiningen.de\/handball\/staren-gegen-fuechse\/","title":{"rendered":"Staren gegen F\u00fcchse!"},"content":{"rendered":"<p><span style=\"font-family: Calibri;font-size: medium\">Samstag, den 02. April um 20:00h Voralbhalle Heiningen<\/span><\/p>\n<p><!--more--><span id=\"yui_3_16_0_ym18_1_1459359005010_23220\" style=\"font-family: Calibri;font-size: medium\">Am Samstag treffen um 20 Uhr in der Heininger Voralbhalle die Staren auf die Lochenf\u00fcchse oder der Zweite auf den Vierten. So oder so wird es ein mit Spannung erwartetes Spiel.<\/span><br \/>\n<span id=\"yui_3_16_0_ym18_1_1459359005010_23218\" style=\"font-family: Calibri;font-size: medium\">Heiningen hat sich mit zuletzt 9:1 Punkten gen\u00fcgend Selbstvertrauen geholt um gegen ein sehr starken Gegner aus Weilstetten zu bestehen. Die G\u00e4ste stellen im Moment knapp vor den Hausherren die beste Abwehr der Liga. Im Heininger Lager lichten sich die Verletzungssorgen und so konnte man in der Osterwoche optimal trainieren und sich noch mal den k\u00f6rperlichen Feinschliff f\u00fcr den Endspurt der Saison zu holen. Mit einem Sieg gegen Weilstetten k\u00f6nnte man Platz 3 am Ende der Saison sicher haben, mit einer Niederlage w\u00fcrde der TV noch voll ins Aufstiegsgeschehen eingreifen.<\/span><\/p>\n<p style=\"text-align: center\"><a href=\"http:\/\/www.heiningen-handball.de\/teams\/maenner-1\/andreas-fuss-2015\/\" rel=\"attachment wp-att-5607 noopener\" target=\"_blank\"><img decoding=\"async\" class=\"aligncenter  wp-image-5607\" src=\"http:\/\/www.heiningen-handball.de\/media\/Andreas-Fu\u00df-2015-200x300.jpg\" alt=\"Andreas Fu\u00df 2015\" width=\"173\" height=\"260\" \/><\/a><\/p>\n<p style=\"text-align: center\">Co-Trainer Andreas Fu\u00df wird wieder seine Torh\u00fcter optimal auf den Gegner einstellen.<\/p>\n<p><span id=\"yui_3_16_0_ym18_1_1459359005010_23218\" style=\"font-family: Calibri;font-size: medium\">Im Hinspiel konnten die Staren mit einem 7:0 Zwischenspurt vom 16:16 auf 23:16 das Spiel f\u00fcr sich entscheiden. Auch im R\u00fcckspiel erwartet Starencoach Marcus Graf ein enges Spiel. Der TVW hat sich unglaublich gesteigert in seiner Spielanlage und hat durch die Serie auch enormes Selbstbewusstsein, das man ihnen auf dem Feld auch anmerkt. Trotzdem m\u00f6chte der TSV sein Heimspiel mit aller Macht gewinnen. In Heiningen hofft man nat\u00fcrlich auch in diesem wichtigen Spiel auf die Fans im R\u00fccken\u00a0um dieses schwere Spiel als Sieger vom Platz verlassen zu k\u00f6nnen.\u00a0<\/span><br \/>\n<span style=\"font-family: Calibri;font-size: medium\">\u00a0<\/span><\/p>\n","protected":false},"excerpt":{"rendered":"<p>Samstag, den 02. April um 20:00h Voralbhalle Heiningen<\/p>\n","protected":false},"author":23,"featured_media":15245,"comment_status":"open","ping_status":"open","sticky":false,"template":"","format":"standard","meta":{"_acf_changed":false,"footnotes":""},"categories":[18,25],"tags":[],"class_list":["post-7196","post","type-post","status-publish","format-standard","has-post-thumbnail","hentry","category-maenner-1","category-vorberichte"],"acf":[],"_links":{"self":[{"href":"https:\/\/tsv-heiningen.de\/handball\/wp-json\/wp\/v2\/posts\/7196","targetHints":{"allow":["GET"]}}],"collection":[{"href":"https:\/\/tsv-heiningen.de\/handball\/wp-json\/wp\/v2\/posts"}],"about":[{"href":"https:\/\/tsv-heiningen.de\/handball\/wp-json\/wp\/v2\/types\/post"}],"author":[{"embeddable":true,"href":"https:\/\/tsv-heiningen.de\/handball\/wp-json\/wp\/v2\/users\/23"}],"replies":[{"embeddable":true,"href":"https:\/\/tsv-heiningen.de\/handball\/wp-json\/wp\/v2\/comments?post=7196"}],"version-history":[{"count":0,"href":"https:\/\/tsv-heiningen.de\/handball\/wp-json\/wp\/v2\/posts\/7196\/revisions"}],"wp:featuredmedia":[{"embeddable":true,"href":"https:\/\/tsv-heiningen.de\/handball\/wp-json\/wp\/v2\/media\/15245"}],"wp:attachment":[{"href":"https:\/\/tsv-heiningen.de\/handball\/wp-json\/wp\/v2\/media?parent=7196"}],"wp:term":[{"taxonomy":"category","embeddable":true,"href":"https:\/\/tsv-heiningen.de\/handball\/wp-json\/wp\/v2\/categories?post=7196"},{"taxonomy":"post_tag","embeddable":true,"href":"https:\/\/tsv-heiningen.de\/handball\/wp-json\/wp\/v2\/tags?post=7196"}],"curies":[{"name":"wp","href":"https:\/\/api.w.org\/{rel}","templated":true}]}}