{"id":7139,"date":"2016-03-12T18:15:50","date_gmt":"2016-03-12T17:15:50","guid":{"rendered":"http:\/\/www.heiningen-handball.de\/?p=7139"},"modified":"2016-03-12T18:15:50","modified_gmt":"2016-03-12T17:15:50","slug":"bericht-zur-jahresabteilungsversammlung-des-tsv-heiningen-handball","status":"publish","type":"post","link":"https:\/\/tsv-heiningen.de\/handball\/bericht-zur-jahresabteilungsversammlung-des-tsv-heiningen-handball\/","title":{"rendered":"Bericht zur Jahresabteilungsversammlung des TSV Heiningen &#8211; Handball"},"content":{"rendered":"<p>Hohe Resonanz bei der Versammlung!<\/p>\n<p><!--more--><\/p>\n<p>Am Freitag, den 11.3.2016 fand in der TSV Halle die diesj\u00e4hrige Abteilungsversammlung mit der stattlichen Anzahl von 58 Teilnehmern statt.<\/p>\n<p>Dem Bericht des Abteilungsleiters Dr. Marc Encke folgten die Ausf\u00fchrungen aus den Ressorts Jugend, Finanzen und Arbeitsdienst. In allen Bereich wurde ausdr\u00fccklich der Dank an alle Mitwirkenden, Helfer, Trainer, Eltern, Sponsoren usw. ausgesprochen, ohne deren Unterst\u00fctzung die Aufgabenbew\u00e4ltigung f\u00fcr die umfangreiche Vereinsarbeit nicht leistbar w\u00e4re.<\/p>\n<p>Gem\u00e4\u00df der im Vorfeld ver\u00f6ffentlichten Tagesordnung wurde \u00fcber den Antrag zur Anpassung des Abteilungsbeitrags f\u00fcr die Minis abgestimmt. Mehrheitlich wurde der Jahresabteilungsbeitrag in H\u00f6he von 15 Euro im Jahr bef\u00fcrwortet und somit beschlossen.<\/p>\n<p>Die Entlastung sowie die Wahlen in den Abteilungsfunktionen konnten z\u00fcgig durchgef\u00fchrt werden. Die seitherigen Funktionsinhaber wurden allesamt in ihren Funktionen best\u00e4tigt und wiedergew\u00e4hlt. Lediglich in den Funktionen Schiedsrichterobmann und Wirtschaftsf\u00fchrer standen die seitherigen Verantwortlichen nicht mehr zur Verf\u00fcgung. Im Rahmen der Versammlung konnte auch keine Nachbesetzung erfolgen, sodass kommissarisch diese Aufgaben durch die gesamte Abteilungsleitung abgedeckt werden. Eine Besetzung dieser beiden Vakanzen wird allerdings unver\u00e4ndert angestrebt und f\u00fcr eine Kontaktaufnahme f\u00fcr Interessenten steht die Abteilungsleitung zur Verf\u00fcgung.<\/p>\n<p>Um 21.30 Uhr konnte die Sitzung ordnungsgem\u00e4\u00df beendet werden bevor es dann zum gem\u00fctlichen Teil \u00fcberging.<\/p>\n<p>\u00dcbersicht der Funktionen in der Abteilung:<\/p>\n<p>Funktion:\u00a0\u00a0\u00a0\u00a0\u00a0\u00a0\u00a0\u00a0\u00a0\u00a0\u00a0\u00a0\u00a0\u00a0\u00a0\u00a0\u00a0\u00a0\u00a0\u00a0\u00a0\u00a0\u00a0\u00a0\u00a0\u00a0\u00a0\u00a0\u00a0\u00a0\u00a0\u00a0\u00a0 Bisher:\u00a0\u00a0\u00a0\u00a0\u00a0\u00a0\u00a0\u00a0\u00a0\u00a0\u00a0\u00a0\u00a0\u00a0\u00a0\u00a0\u00a0\u00a0\u00a0\u00a0\u00a0\u00a0\u00a0\u00a0\u00a0\u00a0\u00a0\u00a0\u00a0\u00a0\u00a0\u00a0\u00a0\u00a0\u00a0 Neu:<\/p>\n<p>Abteilungsleiter\u00a0\u00a0\u00a0\u00a0\u00a0\u00a0\u00a0\u00a0\u00a0\u00a0\u00a0\u00a0\u00a0\u00a0\u00a0\u00a0\u00a0\u00a0\u00a0\u00a0\u00a0\u00a0\u00a0\u00a0 Dr. Marc Encke\u00a0\u00a0\u00a0\u00a0\u00a0\u00a0\u00a0\u00a0\u00a0\u00a0\u00a0\u00a0\u00a0\u00a0\u00a0\u00a0\u00a0\u00a0\u00a0\u00a0 Dr. Marc Encke<\/p>\n<p>Stellv. Abteilungsleiter\u00a0\u00a0\u00a0\u00a0\u00a0\u00a0\u00a0\u00a0\u00a0\u00a0\u00a0\u00a0\u00a0 Peter Wei\u00dfer \u00a0 \u00a0 \u00a0 \u00a0 \u00a0 \u00a0 \u00a0 \u00a0 \u00a0 \u00a0 \u00a0 \u00a0 Peter Wei\u00dfer<\/p>\n<p>Finanzen \u00a0 \u00a0 \u00a0 \u00a0 \u00a0 \u00a0 \u00a0 \u00a0 \u00a0 \u00a0 \u00a0 \u00a0 \u00a0 \u00a0 \u00a0 \u00a0 \u00a0Yvonne Holzwarth\u00a0\u00a0\u00a0\u00a0\u00a0\u00a0\u00a0\u00a0\u00a0\u00a0\u00a0\u00a0\u00a0\u00a0\u00a0\u00a0 Yvonne Holzwarth<\/p>\n<p>Finanzen \u00a0 \u00a0 \u00a0 \u00a0 \u00a0 \u00a0 \u00a0 \u00a0 \u00a0 \u00a0 \u00a0 \u00a0 \u00a0 \u00a0 \u00a0 \u00a0 \u00a0Claudia Z\u00f6ller \u00a0 \u00a0 \u00a0 \u00a0 \u00a0 \u00a0 \u00a0 \u00a0 \u00a0 \u00a0 \u00a0 \u00a0Claudia Z\u00f6ller<\/p>\n<p>Schriftf\u00fchrerin\u00a0\u00a0\u00a0\u00a0\u00a0\u00a0\u00a0\u00a0\u00a0\u00a0\u00a0\u00a0\u00a0\u00a0\u00a0\u00a0\u00a0\u00a0\u00a0\u00a0\u00a0\u00a0\u00a0\u00a0\u00a0 Carolin Buchele\u00a0\u00a0\u00a0\u00a0\u00a0\u00a0\u00a0\u00a0\u00a0\u00a0\u00a0\u00a0\u00a0\u00a0\u00a0\u00a0\u00a0\u00a0\u00a0\u00a0 Carolin Buchele<\/p>\n<p>Sportliche Leiterin (weibl.) \u00a0 \u00a0 \u00a0 Carolin Frey\u00a0\u00a0\u00a0\u00a0\u00a0\u00a0\u00a0\u00a0\u00a0\u00a0\u00a0\u00a0\u00a0\u00a0\u00a0\u00a0\u00a0\u00a0\u00a0\u00a0\u00a0\u00a0\u00a0\u00a0\u00a0\u00a0 Carolin Frey<\/p>\n<p>Sportliche Leiterin (weibl.) \u00a0 \u00a0 \u00a0 Julia Frey\u00a0\u00a0\u00a0\u00a0\u00a0\u00a0\u00a0\u00a0\u00a0\u00a0\u00a0\u00a0\u00a0\u00a0\u00a0\u00a0\u00a0\u00a0\u00a0\u00a0\u00a0\u00a0\u00a0\u00a0\u00a0\u00a0\u00a0\u00a0\u00a0\u00a0 Julia Frey<\/p>\n<p>Arbeitsdienst \u00a0 \u00a0 \u00a0 \u00a0 \u00a0 \u00a0 \u00a0 \u00a0 \u00a0 \u00a0 \u00a0 \u00a0 \u00a0 \u00a0Armin Sbrzesny\u00a0\u00a0\u00a0\u00a0\u00a0\u00a0\u00a0\u00a0\u00a0\u00a0\u00a0\u00a0\u00a0\u00a0\u00a0\u00a0\u00a0\u00a0\u00a0\u00a0 Armin Sbrzesny<\/p>\n<p>Arbeitsdienst \u00a0 \u00a0 \u00a0 \u00a0 \u00a0 \u00a0 \u00a0 \u00a0 \u00a0 \u00a0 \u00a0 \u00a0 \u00a0 \u00a0Benjamin Ortwein\u00a0\u00a0\u00a0\u00a0\u00a0\u00a0\u00a0\u00a0\u00a0\u00a0\u00a0\u00a0\u00a0\u00a0\u00a0\u00a0\u00a0 Benjamin Ortwein<\/p>\n<p>Spielplanung \u00a0 \u00a0 \u00a0 \u00a0 \u00a0 \u00a0 \u00a0 \u00a0 \u00a0 \u00a0 \u00a0 \u00a0 \u00a0 \u00a0Tobias D\u00fcrler \u00a0 \u00a0 \u00a0 \u00a0 \u00a0 \u00a0 \u00a0 \u00a0 \u00a0 \u00a0 \u00a0 \u00a0Tobias D\u00fcrler<\/p>\n<p>Jugend\u00a0\u00a0\u00a0\u00a0\u00a0\u00a0\u00a0\u00a0\u00a0\u00a0\u00a0\u00a0\u00a0\u00a0\u00a0\u00a0\u00a0\u00a0\u00a0\u00a0\u00a0\u00a0\u00a0\u00a0\u00a0\u00a0\u00a0\u00a0\u00a0\u00a0\u00a0\u00a0\u00a0\u00a0\u00a0\u00a0 Horst Welz \u00a0 \u00a0 \u00a0 \u00a0 \u00a0 \u00a0 \u00a0 \u00a0 \u00a0 \u00a0 \u00a0 \u00a0 \u00a0 \u00a0Horst Welz<\/p>\n<p>Jugend\u00a0\u00a0\u00a0\u00a0\u00a0\u00a0\u00a0\u00a0\u00a0\u00a0\u00a0\u00a0\u00a0\u00a0\u00a0\u00a0\u00a0\u00a0\u00a0\u00a0\u00a0\u00a0\u00a0\u00a0\u00a0\u00a0\u00a0\u00a0\u00a0\u00a0\u00a0\u00a0\u00a0\u00a0\u00a0\u00a0 Martin Joos \u00a0 \u00a0 \u00a0 \u00a0 \u00a0 \u00a0 \u00a0 \u00a0 \u00a0 \u00a0 \u00a0 \u00a0 \u00a0 Martin Joos<\/p>\n<p>Jugend \u00a0 \u00a0 \u00a0 \u00a0 \u00a0 \u00a0 \u00a0 \u00a0 \u00a0 \u00a0 \u00a0 \u00a0 \u00a0 \u00a0 \u00a0 \u00a0 \u00a0 \u00a0 \u00a0 \u00a0 \u00a0 \u00a0 \u00a0 \u00a0 \u00a0 \u00a0 \u00a0 \u00a0 \u00a0 \u00a0 \u00a0 \u00a0 \u00a0 \u00a0 \u00a0 \u00a0 \u00a0 \u00a0 \u00a0 \u00a0 \u00a0 Matthias Schenk<\/p>\n<p>Schiedsrichterobmann \u00a0 \u00a0 \u00a0 \u00a0 \u00a0 \u00a0Tobias D\u00fcrler\u00a0\u00a0\u00a0\u00a0\u00a0\u00a0\u00a0\u00a0\u00a0\u00a0\u00a0\u00a0\u00a0\u00a0\u00a0\u00a0\u00a0\u00a0\u00a0\u00a0\u00a0\u00a0\u00a0\u00a0 offen<\/p>\n<p>Wirtschaftsf\u00fchrer\u00a0\u00a0\u00a0\u00a0\u00a0\u00a0\u00a0\u00a0\u00a0\u00a0\u00a0\u00a0\u00a0\u00a0\u00a0\u00a0\u00a0\u00a0\u00a0\u00a0 Matthias Heim \u00a0 \u00a0 \u00a0 \u00a0 \u00a0 \u00a0 \u00a0 \u00a0 \u00a0 \u00a0 \u00a0 offen<\/p>\n","protected":false},"excerpt":{"rendered":"<p>Hohe Resonanz bei der Versammlung!<\/p>\n","protected":false},"author":23,"featured_media":15245,"comment_status":"open","ping_status":"open","sticky":false,"template":"","format":"standard","meta":{"_acf_changed":false,"footnotes":""},"categories":[4],"tags":[],"class_list":["post-7139","post","type-post","status-publish","format-standard","has-post-thumbnail","hentry","category-abteilunginfos"],"acf":[],"_links":{"self":[{"href":"https:\/\/tsv-heiningen.de\/handball\/wp-json\/wp\/v2\/posts\/7139","targetHints":{"allow":["GET"]}}],"collection":[{"href":"https:\/\/tsv-heiningen.de\/handball\/wp-json\/wp\/v2\/posts"}],"about":[{"href":"https:\/\/tsv-heiningen.de\/handball\/wp-json\/wp\/v2\/types\/post"}],"author":[{"embeddable":true,"href":"https:\/\/tsv-heiningen.de\/handball\/wp-json\/wp\/v2\/users\/23"}],"replies":[{"embeddable":true,"href":"https:\/\/tsv-heiningen.de\/handball\/wp-json\/wp\/v2\/comments?post=7139"}],"version-history":[{"count":0,"href":"https:\/\/tsv-heiningen.de\/handball\/wp-json\/wp\/v2\/posts\/7139\/revisions"}],"wp:featuredmedia":[{"embeddable":true,"href":"https:\/\/tsv-heiningen.de\/handball\/wp-json\/wp\/v2\/media\/15245"}],"wp:attachment":[{"href":"https:\/\/tsv-heiningen.de\/handball\/wp-json\/wp\/v2\/media?parent=7139"}],"wp:term":[{"taxonomy":"category","embeddable":true,"href":"https:\/\/tsv-heiningen.de\/handball\/wp-json\/wp\/v2\/categories?post=7139"},{"taxonomy":"post_tag","embeddable":true,"href":"https:\/\/tsv-heiningen.de\/handball\/wp-json\/wp\/v2\/tags?post=7139"}],"curies":[{"name":"wp","href":"https:\/\/api.w.org\/{rel}","templated":true}]}}