{"id":7045,"date":"2016-02-29T11:06:55","date_gmt":"2016-02-29T10:06:55","guid":{"rendered":"http:\/\/www.heiningen-handball.de\/?p=7045"},"modified":"2016-02-29T11:06:55","modified_gmt":"2016-02-29T10:06:55","slug":"jahreshauptversammlung-der-heininger-handballer","status":"publish","type":"post","link":"https:\/\/tsv-heiningen.de\/handball\/jahreshauptversammlung-der-heininger-handballer\/","title":{"rendered":"Jahreshauptversammlung der Heininger Handballer"},"content":{"rendered":"<p>Freitag, den 11. M\u00e4rz 2016 um 20:00h im Gymnastikraum der TSV-Halle<\/p>\n<p><!--more--><\/p>\n<p id=\"yui_3_16_0_1_1456730702452_17843\"><span id=\"yui_3_16_0_1_1456730702452_17842\">Es gilt nachfolgende Tagesordnung:<\/span><\/p>\n<p id=\"yui_3_16_0_1_1456730702452_17846\"><span id=\"yui_3_16_0_1_1456730702452_17845\">\u00a01) Begr\u00fc\u00dfung<\/span><\/p>\n<p id=\"yui_3_16_0_1_1456730702452_17848\"><span id=\"yui_3_16_0_1_1456730702452_17847\">\u00a02) Protokoll vom 20. M\u00e4rz 2015<\/span><\/p>\n<p id=\"yui_3_16_0_1_1456730702452_17850\"><span id=\"yui_3_16_0_1_1456730702452_17849\">\u00a03) Wahlmodus<\/span><\/p>\n<p id=\"yui_3_16_0_1_1456730702452_17852\"><span id=\"yui_3_16_0_1_1456730702452_17851\">\u00a04) Bericht des Abteilungsleiter<\/span><\/p>\n<p id=\"yui_3_16_0_1_1456730702452_17854\"><span id=\"yui_3_16_0_1_1456730702452_17853\">\u00a05) Bericht des Jugendausschu\u00df<\/span><\/p>\n<p id=\"yui_3_16_0_1_1456730702452_17856\"><span id=\"yui_3_16_0_1_1456730702452_17855\">\u00a06) Bericht Spielleiters, Presse- + Schiedsrichter Obmann<\/span><\/p>\n<p id=\"yui_3_16_0_1_1456730702452_17858\"><span id=\"yui_3_16_0_1_1456730702452_17857\">\u00a07) Bericht der Kassiererinnen<\/span><\/p>\n<p id=\"yui_3_16_0_1_1456730702452_17859\"><span id=\"yui_3_16_0_1_1456730702452_17860\">\u00a08) Bericht der Kassenpr\u00fcfer<\/span><\/p>\n<p id=\"yui_3_16_0_1_1456730702452_17861\"><span id=\"yui_3_16_0_1_1456730702452_17862\">\u00a09) Aussprache<\/span><\/p>\n<p id=\"yui_3_16_0_1_1456730702452_17864\"><span id=\"yui_3_16_0_1_1456730702452_17863\">10) Entlastung<\/span><\/p>\n<p id=\"yui_3_16_0_1_1456730702452_17866\"><span id=\"yui_3_16_0_1_1456730702452_17865\">11) Antr\u00e4ge (schriftliche Antr\u00e4ge bis sp\u00e4testens 11. M\u00e4rz 2016 um 18:00uhr an die Abteilungsleitung)<\/span><\/p>\n<p>\u00a0 \u00a0 \u00a0Antrag der Abteilungsleitung auf Anpassung des Abteilungsbeitrags bei den &#8222;Mini`s&#8220;<\/p>\n<p id=\"yui_3_16_0_1_1456730702452_17867\">12) Wahlen<\/p>\n<p id=\"yui_3_16_0_1_1456730702452_17896\"><span id=\"yui_3_16_0_1_1456730702452_17897\">Die Handballabteilung w\u00fcrde sich \u00fcber einen zahlreichen Besuch sehr freuen.<\/span><\/p>\n<p id=\"yui_3_16_0_1_1456730702452_17903\">mit sportlichen Gr\u00fc\u00dfen<\/p>\n<p id=\"yui_3_16_0_1_1456730702452_17905\">Marc Encke<\/p>\n<p id=\"yui_3_16_0_1_1456730702452_17906\">Abteilungsleiter Handball<\/p>\n<p id=\"yui_3_16_0_1_1456730702452_17907\">im TSV Heiningen<\/p>\n","protected":false},"excerpt":{"rendered":"<p>Freitag, den 11. M\u00e4rz 2016 um 20:00h im Gymnastikraum der TSV-Halle<\/p>\n","protected":false},"author":23,"featured_media":15245,"comment_status":"open","ping_status":"open","sticky":false,"template":"","format":"standard","meta":{"_acf_changed":false,"footnotes":""},"categories":[4],"tags":[],"class_list":["post-7045","post","type-post","status-publish","format-standard","has-post-thumbnail","hentry","category-abteilunginfos"],"acf":[],"_links":{"self":[{"href":"https:\/\/tsv-heiningen.de\/handball\/wp-json\/wp\/v2\/posts\/7045","targetHints":{"allow":["GET"]}}],"collection":[{"href":"https:\/\/tsv-heiningen.de\/handball\/wp-json\/wp\/v2\/posts"}],"about":[{"href":"https:\/\/tsv-heiningen.de\/handball\/wp-json\/wp\/v2\/types\/post"}],"author":[{"embeddable":true,"href":"https:\/\/tsv-heiningen.de\/handball\/wp-json\/wp\/v2\/users\/23"}],"replies":[{"embeddable":true,"href":"https:\/\/tsv-heiningen.de\/handball\/wp-json\/wp\/v2\/comments?post=7045"}],"version-history":[{"count":0,"href":"https:\/\/tsv-heiningen.de\/handball\/wp-json\/wp\/v2\/posts\/7045\/revisions"}],"wp:featuredmedia":[{"embeddable":true,"href":"https:\/\/tsv-heiningen.de\/handball\/wp-json\/wp\/v2\/media\/15245"}],"wp:attachment":[{"href":"https:\/\/tsv-heiningen.de\/handball\/wp-json\/wp\/v2\/media?parent=7045"}],"wp:term":[{"taxonomy":"category","embeddable":true,"href":"https:\/\/tsv-heiningen.de\/handball\/wp-json\/wp\/v2\/categories?post=7045"},{"taxonomy":"post_tag","embeddable":true,"href":"https:\/\/tsv-heiningen.de\/handball\/wp-json\/wp\/v2\/tags?post=7045"}],"curies":[{"name":"wp","href":"https:\/\/api.w.org\/{rel}","templated":true}]}}