{"id":5250,"date":"2015-07-27T13:05:59","date_gmt":"2015-07-27T12:05:59","guid":{"rendered":"https:\/\/tsv-heiningen.de\/handball\/\/?p=5250"},"modified":"2015-07-27T13:05:59","modified_gmt":"2015-07-27T12:05:59","slug":"mit-neuen-gesichtern-in-die-saison-20152016","status":"publish","type":"post","link":"https:\/\/tsv-heiningen.de\/handball\/mit-neuen-gesichtern-in-die-saison-20152016\/","title":{"rendered":"Mit neuen Gesichtern in die Saison 2015\/2016"},"content":{"rendered":"<p>1. Mannschaftstrainer Marcus Graf im Interview.<\/p>\n<p><!--more--><\/p>\n<p>Die W\u00fcrttembergliga-Handballer vom TSV Heiningen starteten vor rund vier Wochen mit einigen neuen Gesichtern in die Vorbereitung auf die Hallensaison 2015\/1016. Trainer Marcus Graf verlor im Interview ein paar Worte \u00fcber seine neuen Sch\u00fctzlinge.<\/p>\n<p>&nbsp;<\/p>\n<p><strong><a href=\"https:\/\/tsv-heiningen.de\/handball\/wp-content\/uploads\/sites\/3\/TSV-Heiningen-M1-Neuzug\u00e4nge-201516-Kopie.jpg\"><img decoding=\"async\" class=\"alignnone size-medium wp-image-5257\" src=\"http:\/\/heiningen-handball.com\/media\/TSV-Heiningen-M1-Neuzug\u00e4nge-201516-Kopie-300x95.jpg\" alt=\"TSV Heiningen M1 Neuzug\u00e4nge 201516 - Kopie\" width=\"300\" height=\"95\" srcset=\"https:\/\/tsv-heiningen.de\/handball\/wp-content\/uploads\/sites\/3\/TSV-Heiningen-M1-Neuzug\u00e4nge-201516-Kopie-300x95.jpg 300w, https:\/\/tsv-heiningen.de\/handball\/wp-content\/uploads\/sites\/3\/TSV-Heiningen-M1-Neuzug\u00e4nge-201516-Kopie-293x93.jpg 293w, https:\/\/tsv-heiningen.de\/handball\/wp-content\/uploads\/sites\/3\/TSV-Heiningen-M1-Neuzug\u00e4nge-201516-Kopie-768x243.jpg 768w, https:\/\/tsv-heiningen.de\/handball\/wp-content\/uploads\/sites\/3\/TSV-Heiningen-M1-Neuzug\u00e4nge-201516-Kopie-1024x324.jpg 1024w\" sizes=\"(max-width: 300px) 100vw, 300px\" \/><\/a><\/strong><\/p>\n<p>v.l.n.r.: Trainer Marcus Graf, Jens Gokeler, Jan-Philipp Terbeck, Dennis Welz, Timo Rapp, Yanik Braun, Tim K\u00fchn, Co-Trainer Andreas Fu\u00df<\/p>\n<p>&nbsp;<\/p>\n<p>Neue Saison und auch wieder neue Gesichter. Sie gehen dieses Jahr direkt mit sechs neuen Spielern in die Vorbereitung Herr Graf. Wie kommt es zu dieser hohen Anzahl an personellen Ver\u00e4nderungen?<\/p>\n<p><em>Nachdem wir bereits in den letzten Jahren den Umbruch eingeleitet haben, wollen wir uns auch in dieser Saison junge und ehrgeizige Spieler auf die Fahne schreiben. Wir haben bis auf Timo Rapp nur junge Talente hinzugewonnen, deren Ausbildung wir voranbringen m\u00f6chten. <\/em><\/p>\n<p>Sie haben bereits Timo Rapp angesprochen. Mit ihm kehrt ein Torh\u00fcter zwischen die Pfosten zur\u00fcck, der sich in den letzten Jahren bereits auf dem Feld in der dritten Mannschaft des TSV versucht hatte. Was erwarten Sie von ihm?<\/p>\n<p><em>Ja das stimmt, aber Timo war nie ein wirklicher Feldspieler und wird es wohl auch nie sein. Ich bin sehr gl\u00fccklich, dass ihn nochmals der Ehrgeiz gepackt hat und wir mit ihm einen starken Keeper dazugewinnen. Bei ihm geht es jedoch nicht nur um seine gehaltenen Siebenmeter oder seine pr\u00e4zisen Tempogegensto\u00dfp\u00e4sse. Timo ist ein Charakter den sich jede Mannschaft nur w\u00fcnschen kann. Er kann der absolute Leader dieses Teams werden. Jeder unserer Spieler respektiert\u00a0 ihn und blickt zu ihm auf. Ich bin fest davon \u00fcberzeugt, dass er uns in dieser Saison in jeglicher Hinsicht helfen wird. <\/em><\/p>\n<p>Mit Timo Rapp steht viel Erfahrung im Tor aber dann ist da noch ein weiterer neuer Name im Geh\u00e4use in dieser Saison. Jedoch ist bei Yanik\u00a0Braun wohl eher die junge Unbek\u00fcmmertheit vorhanden oder?<\/p>\n<p><em>Definitiv. Yanik kommt als junger talentierter Torh\u00fcter zu uns, der jedoch kein ungeschriebenes Blatt f\u00fcr den TSV ist. Vor seiner Zeit bei Frisch Auf G\u00f6ppingen zierte er bereits das Trikot der Starenjugend. Dass Yanik\u00a0bereits sehr gute Ans\u00e4tze besitzt, hat er in der letzten Saison in der A-Jugendbundesliga in G\u00f6ppingen unter Beweis gestellt. Bereits nach den ersten Wochen ist zu merken, dass er einen gro\u00dfen Willen nach weiterer Verbesserung besitzt. Auch mein Trainerkollege Andreas Fu\u00df freut sich sehr auf die Zusammenarbeit mit ihm.<\/em><\/p>\n<p>Ein weiterer junger Spieler direkt aus der A-Jugend ist Jan-Philipp Terbeck, der aus Uhingen\/Holzhausen zu Ihnen st\u00f6\u00dft. Welche Erwartungen darf man bereits an ihn hegen?<\/p>\n<p><em>Jan-Philipp ist bereits in seinen jungen Jahren in einem sehr ansprechenden physischen Zustand. Er hat in der letzten Saison neben seinen Spielen in der\u00a0 A- Jugend W\u00fcrttembergliga auch bereits einige Eins\u00e4tze in der Bezirksligamannschaft in Uhingen\/Holzhausen sammeln k\u00f6nnen. Mit seiner guten Athletik und seinem harten pr\u00e4zisen Wurf hat er definitiv alle Voraussetzungen, um in der W\u00fcrttembergliga spielen zu k\u00f6nnen. Jedoch ist er noch sehr jung und daher auch kein kompletter R\u00fcckraumspieler. Wir m\u00f6chten ihn in diesem Jahr an das Tempo heranf\u00fchren und mit Julian de Boer hat er einen Spieler an dem er sich orientieren kann.<\/em><\/p>\n<p>Die Bundesjugendspiele in Ihrer Kaderplanung sind damit jedoch noch nicht zu Ende. Auch auf Linksau\u00dfen setzen Sie mit Tim K\u00fchn auf junges Handballerblut. Wie sind Ihre ersten Eindr\u00fccke von ihm?<\/p>\n<p><em>Bislang sind die Eindr\u00fccke bei Tim wie bei allen Neuzug\u00e4ngen durchweg positiv. Auch er kommt als ehemaliger A-Jugendbundesligaspieler zu uns. Au\u00dferdem hat Tim auch schon ein Jahr in der Landesliga bei der Bundesligareserve in G\u00f6ppingen gute Leistungen gezeigt. Er ist ein sehr schneller Spieler, dass unserem Tempogegensto\u00dfspiel viel nutzen kann. Zudem ist auch er ein junger Spieler, der sich voll einbringt und den Ehrgeiz besitzt sich mit den etablierten Spielern zu messen. Wir k\u00f6nnen bei ihm viel erwarten, denn seine Entwicklung ist in diesem jungen Alter noch lange nicht abgeschlossen und wir freuen uns sehr, dass er sich dazu entschieden hat beim TSV den n\u00e4chsten Schritt zu gehen.<\/em><\/p>\n<p>Die beiden A-jugendlichen Jens Gokeler und Dennis Welz komplettieren das neue Aufgebot in ihrer Mannschaft. Sind die beiden j\u00fcngsten nur zum Schnuppern dabei oder wie ist der Plan f\u00fcr die Nachwuchsspieler aus den eigenen Reihen?<\/p>\n<p><em>Zun\u00e4chst einmal sind wir sehr gl\u00fccklich, dass wir in unserer eigenen Jugend solche Talente besitzen. Nat\u00fcrlich schnuppern sie nicht nur in das Training des W\u00fcrttembergligateams, sondern sind fester Bestandteil des Kaders 2015\/2016. Sowohl Jens als auch Dennis besitzen ein gro\u00dfes Potenzial und wir wollen dieses Potenzial weiterbilden. Neben ihren Spielen in der A-Jugend sollen diese Saison die ersten Eins\u00e4tze in der W\u00fcrttembergliga folgen. Beide Spieler widmen sich in den ersten Wochen der Vorbereitung ganz und gar dem Training. Sie sind mit vollem Einsatz dabei und man sieht bereits jetzt, dass sie sich nicht verstecken brauchen. Jens und Dennis sind Eigengew\u00e4chse, die den Schritt in die erste Mannschaft auf Dauer schaffen k\u00f6nnen und werden deshalb bereits in diesem Jahr voll zur Mannschaft geh\u00f6ren. Ich freue mich sehr auf zwei junge waschechte Staren, die eine riesige Motivation haben sich in der ersten Mannschaft des TSV durchzusetzen.<\/em><\/p>\n<p>Nach vier Wochen Training sind nat\u00fcrlich noch keine klaren Ziele f\u00fcr die Saison zu verfassen aber gibt es dennoch Punkte die sich Sie und ihr Team vornehmen f\u00fcr die kommende Hallensaison?<\/p>\n<p><em>Nat\u00fcrlich gibt es noch keine genauen Ziele, die von Platzierungen oder \u00e4hnlichem handeln. Jedoch wollen wir einige Dinge aus der letzten Saison mitnehmen und andere verbessern. Unsere Heimbilanz war in der vergangenen Spielzeit sehr gut und genau das m\u00f6chten wir wenn m\u00f6glich in diesem Jahr best\u00e4tigen. Die Kehrseite der Medaille war jedoch unsere Ausw\u00e4rtsschw\u00e4che. Beinahe jedes enge Spiel wurde in fremder Halle verloren. Daran m\u00fcssen wir dringend arbeiten, damit wir auch au\u00dferhalb der Voralbhalle viele Punkte im Jahr 2015\/2016 einfahren. Grunds\u00e4tzlich freu ich mich bereits nach den ersten vier Wochen mit dieser Mannschaft auf das erste Saisonspiel. Jeder gibt 100 % im Training und deshalb bin ich eigentlich guter Dinge was unseren weiteren Weg in diesem Jahr angeht. <\/em><\/p>\n<p><em>\u00a0<\/em><\/p>\n<p><em>\u00a0<\/em><\/p>\n","protected":false},"excerpt":{"rendered":"<p>1. Mannschaftstrainer Marcus Graf im Interview.<\/p>\n","protected":false},"author":9,"featured_media":5257,"comment_status":"open","ping_status":"open","sticky":false,"template":"","format":"standard","meta":{"_acf_changed":false,"footnotes":""},"categories":[18],"tags":[],"class_list":["post-5250","post","type-post","status-publish","format-standard","has-post-thumbnail","hentry","category-maenner-1"],"acf":[],"_links":{"self":[{"href":"https:\/\/tsv-heiningen.de\/handball\/wp-json\/wp\/v2\/posts\/5250","targetHints":{"allow":["GET"]}}],"collection":[{"href":"https:\/\/tsv-heiningen.de\/handball\/wp-json\/wp\/v2\/posts"}],"about":[{"href":"https:\/\/tsv-heiningen.de\/handball\/wp-json\/wp\/v2\/types\/post"}],"author":[{"embeddable":true,"href":"https:\/\/tsv-heiningen.de\/handball\/wp-json\/wp\/v2\/users\/9"}],"replies":[{"embeddable":true,"href":"https:\/\/tsv-heiningen.de\/handball\/wp-json\/wp\/v2\/comments?post=5250"}],"version-history":[{"count":0,"href":"https:\/\/tsv-heiningen.de\/handball\/wp-json\/wp\/v2\/posts\/5250\/revisions"}],"wp:featuredmedia":[{"embeddable":true,"href":"https:\/\/tsv-heiningen.de\/handball\/wp-json\/wp\/v2\/media\/5257"}],"wp:attachment":[{"href":"https:\/\/tsv-heiningen.de\/handball\/wp-json\/wp\/v2\/media?parent=5250"}],"wp:term":[{"taxonomy":"category","embeddable":true,"href":"https:\/\/tsv-heiningen.de\/handball\/wp-json\/wp\/v2\/categories?post=5250"},{"taxonomy":"post_tag","embeddable":true,"href":"https:\/\/tsv-heiningen.de\/handball\/wp-json\/wp\/v2\/tags?post=5250"}],"curies":[{"name":"wp","href":"https:\/\/api.w.org\/{rel}","templated":true}]}}