{"id":4988,"date":"2015-05-08T12:17:14","date_gmt":"2015-05-08T11:17:14","guid":{"rendered":"http:\/\/www.heiningen-handball.de\/?p=4988"},"modified":"2015-05-08T12:17:14","modified_gmt":"2015-05-08T11:17:14","slug":"trainer-marcus-graf-im-interview-zur-neuen-saison-201516","status":"publish","type":"post","link":"https:\/\/tsv-heiningen.de\/handball\/trainer-marcus-graf-im-interview-zur-neuen-saison-201516\/","title":{"rendered":"Trainer Marcus Graf im Interview zur neuen Saison 2015\/16"},"content":{"rendered":"<p><!--more--><\/p>\n<p>Guten Tag Herr Graf. Sie\u00a0haben\u00a0mit ihrer Mannschaft, in der vergangenen W\u00fcrttembergligasaison 2014\/2015 mit\u00a0dem\u00a0f\u00fcnften Tabellenplatz abgeschlossen. Wie zufrieden sind Sie mit den Leistungen ihrer Truppe in dieser Saison?<\/p>\n<p style=\"text-align: center\">Trainer Marcus Graf im Interview!<\/p>\n<figure id=\"attachment_4185\" aria-describedby=\"caption-attachment-4185\" style=\"width: 129px\" class=\"wp-caption aligncenter\"><a href=\"http:\/\/www.heiningen-handball.de\/teams\/maenner-1\/marcus-graf-2014\/\" rel=\"attachment wp-att-4185 noopener\" target=\"_blank\"><img decoding=\"async\" class=\" wp-image-4185\" src=\"http:\/\/www.heiningen-handball.de\/media\/Marcus-Graf-2014-199x300.jpg\" alt=\"Marcus Graf \" width=\"129\" height=\"194\" \/><\/a><figcaption id=\"caption-attachment-4185\" class=\"wp-caption-text\">Marcus Graf<\/figcaption><\/figure>\n<p>\u00a0<br \/>\n<i>Wir haben uns Platz drei vorgenommen, aber wussten auch, dass dieses Ziel sehr ehrgeizig gesteckt war. In eigener Halle haben wir unsere Spiele sehr konstant und erfolgreich bestreiten k\u00f6nnen. Jedoch lief es ausw\u00e4rts nicht immer rund. Dort haben wir f\u00fcnf Niederlagen mit ein oder zwei Toren hinnehmen m\u00fcssen und deshalb k\u00f6nnen wir mit dem f\u00fcnften Platz punktgleich mit dem vierten Platz zum Abschluss der Saison zufrieden sein.<\/i><br \/>\n\u00a0<br \/>\nNach Abschluss der Saison geht der Blick nach vorne, dabei ist nat\u00fcrlich zuerst einmal entscheidend wer beim TSV n\u00e4chstes Jahr von der Bank die Kommandos gibt. Schauen Sie und ihr Co-Trainer Andreas Fu\u00df gemeinsam mit den Staren in die Zukunft, oder geht man nach diesem Jahr getrennte Wege?<br \/>\n\u00a0<br \/>\n<i>Im Trainerteam bleiben Andi und ich weiter auf der Kommandobr\u00fccke. Dar\u00fcber bin ich sehr froh, da aus Katsche und mir ein tolles Team geworden ist, das sich sehr kritisch mit dem ganzen Handballgeschehen beim TSV auseinandersetzt.<\/i><br \/>\n\u00a0<br \/>\nEine der entscheidendsten Positionen im Handball nimmt der Torh\u00fcter ein. Doch beim TSV wird sich dort im n\u00e4chsten Jahr einiges \u00e4ndern. Michael Selch wird in der kommenden Saison nicht f\u00fcr die Staren auflaufen. Gibt es schon L\u00f6sungen f\u00fcr diese Baustelle in der kommenden Saison?<br \/>\n\u00a0<br \/>\n<i>Der \u00a0Torwart ist einer der gr\u00f6\u00dften Faktoren und kann tats\u00e4chlich ein Spiel alleine entscheiden. Dass uns beide Torh\u00fcter verlassen war erstmal ein Schock. Jedoch kann ich nun vermelden, dass uns Julian Reik \u00a0nicht verlassen wird, da er\u00a0hier in der N\u00e4he einen Arbeitgeber gefunden hat. Au\u00dferdem gelang es uns mit Tim Wohlang, Timo Rapp und dem jungen Nachwuchsmann Yannik Braun ein starkes Quartett zusammen zu stellen. Auf dieser Position werden wir im n\u00e4chsten Jahr wohl eher keine Probleme bekommen.<\/i><br \/>\n\u00a0<br \/>\nJahr f\u00fcr Jahr \u00e4ndert sich im Normalfall das Gesicht einer ambitionierten W\u00fcrttembergligamannschaft. Welche Abg\u00e4nge m\u00fcssen Sie im n\u00e4chsten Jahr kompensieren?<br \/>\n<i>Abgesehen von\u00a0Michael Selch werden uns drei weitere Akteure verlassen. Markus Petershans ist aus beruflichen Gr\u00fcnden nicht mehr in der Lage uns zu helfen. Kevin Walter ist durch sein Studium in T\u00fcbingen in Sachen Training sehr eingeschr\u00e4nkt und wird daher in der kommenden Saison gemeinsam mit Kevin Brodbek f\u00fcr die zweite Mannschaft des TSV auf Torejagd gehen.<\/i><br \/>\n\u00a0<br \/>\nSolche Kaderl\u00fccken m\u00fcssen nat\u00fcrlich geschlossen werden. Gibt es denn schon spruchreife Neuverpflichtungen und inwiefern ist die Kaderplanung noch im Gange?<br \/>\n\u00a0<br \/>\n<i>Neben den drei Torh\u00fctern kommt mit Tim K\u00fchn ein junger Spieler f\u00fcr die Linksau\u00dfenposition aus G\u00f6ppingen. Zuletzt kommt mit Jan Philipp Terbek ein Mann f\u00fcr den R\u00fcckraum aus Holzhausen. Damit gehen wir unseren eingeschlagenen Weg auf dem wir junge Spieler entwickeln m\u00f6chten weiter. <\/i><br \/>\n\u00a0<br \/>\nDas Starenteam f\u00fcr die neue Spielzeit scheint also personell nahezu fest zu stehen. Doch nat\u00fcrlich muss man sehen und abwarten was in diesem Team steckt. Wie sind Ihre Erwartungen und Ziele wenn Sie nach vorne in Richtung Saison 2015\/2016 schauen?<br \/>\n\u00a0<br \/>\n<i>In erster Linie wollen wir weiterhin attraktiven Handball spielen und wer mich kennt wei\u00df, dass ich morgen immer besser sein m\u00f6chte als gestern. Ha<\/i><\/p>\n","protected":false},"excerpt":{"rendered":"Guten Tag Herr Graf. Sie\u00a0haben\u00a0mit ihrer Mannschaft, in der vergangenen W\u00fcrttembergligasaison 2014\/2015 mit\u00a0dem\u00a0f\u00fcnften Tabellenplatz abgeschlossen. Wie zufrieden sind Sie mit den Leistungen ihrer Truppe in dieser Saison? Trainer Marcus Graf im Interview! Marcus Graf \u00a0 Wir haben uns Platz drei vorgenommen, aber wussten auch, dass dieses Ziel sehr ehrgeizig gesteckt war. In eigener Halle haben [...]","protected":false},"author":23,"featured_media":4185,"comment_status":"open","ping_status":"open","sticky":false,"template":"","format":"standard","meta":{"_acf_changed":false,"footnotes":""},"categories":[18],"tags":[],"class_list":["post-4988","post","type-post","status-publish","format-standard","has-post-thumbnail","hentry","category-maenner-1"],"acf":[],"_links":{"self":[{"href":"https:\/\/tsv-heiningen.de\/handball\/wp-json\/wp\/v2\/posts\/4988","targetHints":{"allow":["GET"]}}],"collection":[{"href":"https:\/\/tsv-heiningen.de\/handball\/wp-json\/wp\/v2\/posts"}],"about":[{"href":"https:\/\/tsv-heiningen.de\/handball\/wp-json\/wp\/v2\/types\/post"}],"author":[{"embeddable":true,"href":"https:\/\/tsv-heiningen.de\/handball\/wp-json\/wp\/v2\/users\/23"}],"replies":[{"embeddable":true,"href":"https:\/\/tsv-heiningen.de\/handball\/wp-json\/wp\/v2\/comments?post=4988"}],"version-history":[{"count":0,"href":"https:\/\/tsv-heiningen.de\/handball\/wp-json\/wp\/v2\/posts\/4988\/revisions"}],"wp:featuredmedia":[{"embeddable":true,"href":"https:\/\/tsv-heiningen.de\/handball\/wp-json\/wp\/v2\/media\/4185"}],"wp:attachment":[{"href":"https:\/\/tsv-heiningen.de\/handball\/wp-json\/wp\/v2\/media?parent=4988"}],"wp:term":[{"taxonomy":"category","embeddable":true,"href":"https:\/\/tsv-heiningen.de\/handball\/wp-json\/wp\/v2\/categories?post=4988"},{"taxonomy":"post_tag","embeddable":true,"href":"https:\/\/tsv-heiningen.de\/handball\/wp-json\/wp\/v2\/tags?post=4988"}],"curies":[{"name":"wp","href":"https:\/\/api.w.org\/{rel}","templated":true}]}}