{"id":30321,"date":"2026-05-01T07:18:40","date_gmt":"2026-05-01T05:18:40","guid":{"rendered":"https:\/\/tsv-heiningen.de\/handball\/?p=30321"},"modified":"2026-05-01T07:19:07","modified_gmt":"2026-05-01T05:19:07","slug":"m1-alles-noch-moeglich-aber-nichts-in-der-hand","status":"publish","type":"post","link":"https:\/\/tsv-heiningen.de\/handball\/m1-alles-noch-moeglich-aber-nichts-in-der-hand\/","title":{"rendered":"M1: Alles noch m\u00f6glich, aber nichts in der Hand!"},"content":{"rendered":"<p>Am kommenden Sonntag, den 3.5.2026 kommt es zum letzten Saisonspiel der Regionalliga Baden-W\u00fcrttemberg S\u00fcd, wo der TSV Heiningen zu Gast bei der SG Heddesheim ist. Hier z\u00e4hlt f\u00fcr die Heininger nur eins ein Sieg.<\/p>\n<p>Dieser muss her, um den Traum vom Aufstieg noch leben zu lassen. W\u00e4ren da nicht die Albst\u00e4dter, welche um lediglich einen Punkt, auf Tabellenplatz zwei liegend, in den letzten Spieltag gehen. Somit haben die Albst\u00e4tter alles in der eigenen Hand, den Aufstieg gemeinsam mit Schw\u00e4bisch Gm\u00fcnd zu erreichen. Denn selbst bei einer Albst\u00e4tter Niederlage und einer Punkteteilung der Heininger und somit einer Punktgleichheit zwischen Albstadt und Heiningen, w\u00e4ren es die Albstadt die aufgrund des direkten Vergleichs aufsteigen w\u00fcrden.<\/p>\n<p>Die Albst\u00e4tter sind zu Gast bei dem VfL Waiblingen, welche bis zuletzt im Abstiegskampf steckten und somit durch den Nichtabstieg hier Saisonziel bereits erreicht haben. \u201e Wir werden unsere Hausaufgaben machen und nat\u00fcrlich mit einem Auge immer in Richtung Waiblingen schauen. Die spielen zwar schon 2 Stunden vor uns, aber wir werden trotzdem versuchen, uns auf uns zu konzentrieren und eventuell kommt dann die Hiobsbotschaft schon vor unserem Anpfiff. Die Ausgangslage ist nat\u00fcrlich nicht optimal, aber wir glauben es zum Schlusspfiff an unsere Chance.\u201c &#8211; Berichtete Kapit\u00e4n Felix Kohnle vor dem Abschlusstraining.<\/p>\n<p>Anpfiff am am Sonntag ist um 17:00 Uhr in Heddesheim.<\/p>\n","protected":false},"excerpt":{"rendered":"<p>Am kommenden Sonntag, den 3.5.2026 kommt es zum letzten Saisonspiel der Regionalliga Baden-W\u00fcrttemberg S\u00fcd, wo der TSV Heiningen zu Gast bei der SG Heddesheim ist. Hier z\u00e4hlt f\u00fcr die Heininger nur eins ein Sieg. Dieser muss her, um den Traum vom Aufstieg noch leben zu lassen. W\u00e4ren da nicht die Albst\u00e4dter, welche um lediglich einen [&hellip;]<\/p>\n","protected":false},"author":31,"featured_media":30312,"comment_status":"open","ping_status":"open","sticky":false,"template":"","format":"standard","meta":{"_acf_changed":false,"footnotes":""},"categories":[1,18],"tags":[],"class_list":["post-30321","post","type-post","status-publish","format-standard","has-post-thumbnail","hentry","category-allgemein","category-maenner-1"],"acf":[],"_links":{"self":[{"href":"https:\/\/tsv-heiningen.de\/handball\/wp-json\/wp\/v2\/posts\/30321","targetHints":{"allow":["GET"]}}],"collection":[{"href":"https:\/\/tsv-heiningen.de\/handball\/wp-json\/wp\/v2\/posts"}],"about":[{"href":"https:\/\/tsv-heiningen.de\/handball\/wp-json\/wp\/v2\/types\/post"}],"author":[{"embeddable":true,"href":"https:\/\/tsv-heiningen.de\/handball\/wp-json\/wp\/v2\/users\/31"}],"replies":[{"embeddable":true,"href":"https:\/\/tsv-heiningen.de\/handball\/wp-json\/wp\/v2\/comments?post=30321"}],"version-history":[{"count":2,"href":"https:\/\/tsv-heiningen.de\/handball\/wp-json\/wp\/v2\/posts\/30321\/revisions"}],"predecessor-version":[{"id":30323,"href":"https:\/\/tsv-heiningen.de\/handball\/wp-json\/wp\/v2\/posts\/30321\/revisions\/30323"}],"wp:featuredmedia":[{"embeddable":true,"href":"https:\/\/tsv-heiningen.de\/handball\/wp-json\/wp\/v2\/media\/30312"}],"wp:attachment":[{"href":"https:\/\/tsv-heiningen.de\/handball\/wp-json\/wp\/v2\/media?parent=30321"}],"wp:term":[{"taxonomy":"category","embeddable":true,"href":"https:\/\/tsv-heiningen.de\/handball\/wp-json\/wp\/v2\/categories?post=30321"},{"taxonomy":"post_tag","embeddable":true,"href":"https:\/\/tsv-heiningen.de\/handball\/wp-json\/wp\/v2\/tags?post=30321"}],"curies":[{"name":"wp","href":"https:\/\/api.w.org\/{rel}","templated":true}]}}