{"id":29059,"date":"2025-03-28T13:38:41","date_gmt":"2025-03-28T12:38:41","guid":{"rendered":"https:\/\/tsv-heiningen.de\/handball\/?p=29059"},"modified":"2025-03-28T13:38:41","modified_gmt":"2025-03-28T12:38:41","slug":"m1-team-staren-muss-zum-starken-aufsteiger-nach-albstadt","status":"publish","type":"post","link":"https:\/\/tsv-heiningen.de\/handball\/m1-team-staren-muss-zum-starken-aufsteiger-nach-albstadt\/","title":{"rendered":"M1: TEAM Staren muss zum starken Aufsteiger nach Albstadt"},"content":{"rendered":"<p>HSG Albstadt &#8211; TSV Heiningen, Samstag 20:00 Uhr<\/p>\n<p>Von Jens Grube<\/p>\n<p>Am kommenden Wochenende m\u00fcssen die Staren vom TSV Heiningen, welche aufgrund der knappen Heimniederlage letztes Wochenende nun mit einem Punkteverh\u00e4ltnis von 24:24 auf Tabellenplatz 9 stehen, zur \u00dcberraschungsmannschaft der diesj\u00e4hrigen Saison, der HSG Albstadt.<\/p>\n<p>Die Albst\u00e4dter, welche als Aufsteiger neu in der Regionalliga BW agieren, konnten schon f\u00fcr einiges Aufsehen sorgen. An das Hinspiel erinnert man sich in Heininger auch nur sehr ungern daran. Denn dort kassierten die Staren nach einem 30:39 die deutlichste Heimniederlage der bisherigen Saison. Dementsprechend treten die Staren mit ordentlich Wut im Bauch die Reise nach Albstadt an. Doch die Vorzeichen sind denkbar schlecht.<\/p>\n<p>Wie bereits mehrfach berichtet, fallen den Heininger immer mehr Leistungstr\u00e4ger aus. Nach den bereits bekannten Langzeitausf\u00e4llen Simon D\u00fcrner (Handverletzung, Andy Schaaf (Nackenverletzung und Yannik Braun (Kreuzbandriss), Felix Wei\u00dfer (Sprunggelenksverletzung), hat es bei der Heimniederlage gegen den TSV Blaustein nun noch zwei weitere Akteure erwischt. Kreisl\u00e4ufer Ben Demsky brach sich bei einer Aktion ungl\u00fccklich den Daumen und wird vorerst nicht zur Verf\u00fcgung stehen. Doch vermutlich noch schmerzhafter f\u00fcr die Staren ist der Ausfall von R\u00fcckraumspieler Nick Kohnle. Nick verletzte sich bei einem seiner schnellen 1gg1 Aktionen an der Plantarfaszie im Fu\u00df und wird sehr wahrscheinlich bis zum Saisonende ausfallen. Eine genaue Diagnose (MRT) steht jedoch noch aus.<\/p>\n<p>&#8222;Das macht die Gesamtsituation nat\u00fcrlich nicht besser f\u00fcr uns. Mir tut es pers\u00f6nlich auch sehr Leid f\u00fcr ihn, als gro\u00dfer Bruder hat man da nat\u00fcrlich nochmal eine andere Bindung zu. Er ist einer unserer S\u00e4ulen im Spiel und wird uns nat\u00fcrlich fehlen. Positiv ist daran nur zu sehen, dass es f\u00fcr uns in der Saison um nichts mehr geht. Es ist lediglich Platzierungskosmetik die wir betreiben k\u00f6nnen, weil Auf- oder Absteigen k\u00f6nnen wir ohnehin nicht mehr von daher k\u00f6nnen sich unsere verletzten Spieler regenieren und m\u00fcssen nichts \u00fcberst\u00fcrzen.&#8220; &#8211; berichtet Kapit\u00e4n Felix Kohnle am Mittwoch vor dem Vorbereitungstraining auf die HSG Albstadt.<\/p>\n<p>Anpfiff ist\u00a0am Samstag, den 29.03.2025, um 20:00 Uhr. Der TSV freut sich \u00fcber jeden mitgereisten Fan und um jede Unterst\u00fctzung.<\/p>\n","protected":false},"excerpt":{"rendered":"<p>HSG Albstadt &#8211; TSV Heiningen, Samstag 20:00 Uhr Von Jens Grube Am kommenden Wochenende m\u00fcssen die Staren vom TSV Heiningen, welche aufgrund der knappen Heimniederlage letztes Wochenende nun mit einem Punkteverh\u00e4ltnis von 24:24 auf Tabellenplatz 9 stehen, zur \u00dcberraschungsmannschaft der diesj\u00e4hrigen Saison, der HSG Albstadt. Die Albst\u00e4dter, welche als Aufsteiger neu in der Regionalliga BW [&hellip;]<\/p>\n","protected":false},"author":23,"featured_media":28394,"comment_status":"open","ping_status":"open","sticky":false,"template":"","format":"standard","meta":{"_acf_changed":false,"footnotes":""},"categories":[18],"tags":[],"class_list":["post-29059","post","type-post","status-publish","format-standard","has-post-thumbnail","hentry","category-maenner-1"],"acf":[],"_links":{"self":[{"href":"https:\/\/tsv-heiningen.de\/handball\/wp-json\/wp\/v2\/posts\/29059","targetHints":{"allow":["GET"]}}],"collection":[{"href":"https:\/\/tsv-heiningen.de\/handball\/wp-json\/wp\/v2\/posts"}],"about":[{"href":"https:\/\/tsv-heiningen.de\/handball\/wp-json\/wp\/v2\/types\/post"}],"author":[{"embeddable":true,"href":"https:\/\/tsv-heiningen.de\/handball\/wp-json\/wp\/v2\/users\/23"}],"replies":[{"embeddable":true,"href":"https:\/\/tsv-heiningen.de\/handball\/wp-json\/wp\/v2\/comments?post=29059"}],"version-history":[{"count":2,"href":"https:\/\/tsv-heiningen.de\/handball\/wp-json\/wp\/v2\/posts\/29059\/revisions"}],"predecessor-version":[{"id":29061,"href":"https:\/\/tsv-heiningen.de\/handball\/wp-json\/wp\/v2\/posts\/29059\/revisions\/29061"}],"wp:featuredmedia":[{"embeddable":true,"href":"https:\/\/tsv-heiningen.de\/handball\/wp-json\/wp\/v2\/media\/28394"}],"wp:attachment":[{"href":"https:\/\/tsv-heiningen.de\/handball\/wp-json\/wp\/v2\/media?parent=29059"}],"wp:term":[{"taxonomy":"category","embeddable":true,"href":"https:\/\/tsv-heiningen.de\/handball\/wp-json\/wp\/v2\/categories?post=29059"},{"taxonomy":"post_tag","embeddable":true,"href":"https:\/\/tsv-heiningen.de\/handball\/wp-json\/wp\/v2\/tags?post=29059"}],"curies":[{"name":"wp","href":"https:\/\/api.w.org\/{rel}","templated":true}]}}