{"id":29050,"date":"2025-03-28T08:19:16","date_gmt":"2025-03-28T07:19:16","guid":{"rendered":"https:\/\/tsv-heiningen.de\/handball\/?p=29050"},"modified":"2025-03-28T08:19:16","modified_gmt":"2025-03-28T07:19:16","slug":"m1-tsv-heiningen-muss-zum-starken-aufsteiger-nach-albstadt","status":"publish","type":"post","link":"https:\/\/tsv-heiningen.de\/handball\/m1-tsv-heiningen-muss-zum-starken-aufsteiger-nach-albstadt\/","title":{"rendered":"M1: TSV Heiningen muss zum starken Aufsteiger nach Albstadt"},"content":{"rendered":"<div class=\"v1elementToProof\"><\/div>\n<div class=\"v1elementToProof\">Am kommenden Wochenende m\u00fcssen die Staren vom TSV Heiningen, welche aufgrund der knappen Heimniederlage letztes Wochenende nun mit einem Punkteverh\u00e4ltnis von 24:24 auf\u00a0<span dir=\"ltr\">Tabellenplatz 9<\/span>stehen, zur \u00dcberraschungsmannschaft der diesj\u00e4hrigen Saison, der HSG Albstadt.<\/div>\n<div class=\"v1elementToProof\"><\/div>\n<div class=\"v1elementToProof\">Die Albst\u00e4dter, welche als Aufsteiger neu in der Regionalliga BW agieren, konnten schon f\u00fcr einiges Aufsehen sorgen. An das Hinspiel erinnert man sich in Heininger auch nur sehr ungern daran. Denn dort kassierten die Staren nach einem 30:39 die deutlichste Heimniederlage der bisherigen Saison. Dementsprechend treten die Staren mit ordentlich Wut im Bauch die Reise nach Albstadt an. Doch die Vorzeichen sind denkbar schlecht.<\/div>\n<div class=\"v1elementToProof\"><\/div>\n<div class=\"v1elementToProof\">Wie bereits mehrfach berichtet, fallen den Heininger immer mehr Leistungstr\u00e4ger ab. Nach den bereits bekannten Langzeitausf\u00e4llen Simon D\u00fcrner (Handverletzung, Andy Schaaf (Nackenverletzung und Yannik Braun (Kreuzbandriss), Felix Wei\u00dfer (Sprunggelenksverletzung), hat es bei der Heimniederlage gegen den TSV Blaustein nun noch zwei weitere Akteure erwischt. Kreisl\u00e4ufer Ben Demsky brach sich bei einer Aktion ungl\u00fccklich den Daumen und wird vorerst nicht zur Verf\u00fcgung stehen. Doch vermutlich noch schmerzhafter f\u00fcr die Staren ist der Ausfall von R\u00fcckraumspieler Nick Kohnle. Nick verletzte sich bei einem seiner schnellen 1gg1 Aktionen an der Plantarfaszie im Fu\u00df und wird sehr wahrscheinlich bis zum Saisonende ausfallen. Eine genaue Diagnose (MRT) steht jedoch noch aus.<\/div>\n<div class=\"v1elementToProof\"><\/div>\n<div class=\"v1elementToProof\">&#8222;Das macht die Gesamtsituation nat\u00fcrlich nicht besser f\u00fcr uns. Mir tut es pers\u00f6nlich auch sehr Leid f\u00fcr ihn, als gro\u00dfer Bruder hat man da nat\u00fcrlich nochmal eine andere Bindung zu. Er ist einer unserer S\u00e4ulen im Spiel und wird uns nat\u00fcrlich fehlen. Positiv ist daran nur zu sehen, dass es f\u00fcr uns in der Saison um nichts mehr geht. Es ist lediglich Platzierungskosmetik die wir betreiben k\u00f6nnen, weil Auf- oder Absteigen k\u00f6nnen wir ohnehin nicht mehr von daher k\u00f6nnen sich unsere verletzten Spieler regenerieren und m\u00fcssen nichts \u00fcberst\u00fcrzen.&#8220; &#8211; berichtet Kapit\u00e4n Felix Kohnle am Mittwoch vor dem Vorbereitungstraining auf die HSG Albstadt.<\/div>\n<div class=\"v1elementToProof\"><\/div>\n<div class=\"v1elementToProof\">Anpfiff ist\u00a0<span dir=\"ltr\">am Samstag, den 29.03.2025, um 20:00 Uhr<\/span>. Der TSV freut sich \u00fcber jeden mitgereisten Fan und um jede Unterst\u00fctzung.<\/div>\n","protected":false},"excerpt":{"rendered":"<p>Am kommenden Wochenende m\u00fcssen die Staren vom TSV Heiningen, welche aufgrund der knappen Heimniederlage letztes Wochenende nun mit einem Punkteverh\u00e4ltnis von 24:24 auf\u00a0Tabellenplatz 9stehen, zur \u00dcberraschungsmannschaft der diesj\u00e4hrigen Saison, der HSG Albstadt. Die Albst\u00e4dter, welche als Aufsteiger neu in der Regionalliga BW agieren, konnten schon f\u00fcr einiges Aufsehen sorgen. An das Hinspiel erinnert man sich [&hellip;]<\/p>\n","protected":false},"author":31,"featured_media":28919,"comment_status":"open","ping_status":"open","sticky":false,"template":"","format":"standard","meta":{"_acf_changed":false,"footnotes":""},"categories":[1,18],"tags":[],"class_list":["post-29050","post","type-post","status-publish","format-standard","has-post-thumbnail","hentry","category-allgemein","category-maenner-1"],"acf":[],"_links":{"self":[{"href":"https:\/\/tsv-heiningen.de\/handball\/wp-json\/wp\/v2\/posts\/29050","targetHints":{"allow":["GET"]}}],"collection":[{"href":"https:\/\/tsv-heiningen.de\/handball\/wp-json\/wp\/v2\/posts"}],"about":[{"href":"https:\/\/tsv-heiningen.de\/handball\/wp-json\/wp\/v2\/types\/post"}],"author":[{"embeddable":true,"href":"https:\/\/tsv-heiningen.de\/handball\/wp-json\/wp\/v2\/users\/31"}],"replies":[{"embeddable":true,"href":"https:\/\/tsv-heiningen.de\/handball\/wp-json\/wp\/v2\/comments?post=29050"}],"version-history":[{"count":1,"href":"https:\/\/tsv-heiningen.de\/handball\/wp-json\/wp\/v2\/posts\/29050\/revisions"}],"predecessor-version":[{"id":29051,"href":"https:\/\/tsv-heiningen.de\/handball\/wp-json\/wp\/v2\/posts\/29050\/revisions\/29051"}],"wp:featuredmedia":[{"embeddable":true,"href":"https:\/\/tsv-heiningen.de\/handball\/wp-json\/wp\/v2\/media\/28919"}],"wp:attachment":[{"href":"https:\/\/tsv-heiningen.de\/handball\/wp-json\/wp\/v2\/media?parent=29050"}],"wp:term":[{"taxonomy":"category","embeddable":true,"href":"https:\/\/tsv-heiningen.de\/handball\/wp-json\/wp\/v2\/categories?post=29050"},{"taxonomy":"post_tag","embeddable":true,"href":"https:\/\/tsv-heiningen.de\/handball\/wp-json\/wp\/v2\/tags?post=29050"}],"curies":[{"name":"wp","href":"https:\/\/api.w.org\/{rel}","templated":true}]}}