{"id":27765,"date":"2024-03-22T12:43:01","date_gmt":"2024-03-22T11:43:01","guid":{"rendered":"https:\/\/tsv-heiningen.de\/handball\/?p=27204"},"modified":"2024-03-22T12:43:01","modified_gmt":"2024-03-22T11:43:01","slug":"m1-staren-treten-bei-der-hg-oftersheim-schwetzingen-an","status":"publish","type":"post","link":"https:\/\/tsv-heiningen.de\/handball\/m1-staren-treten-bei-der-hg-oftersheim-schwetzingen-an\/","title":{"rendered":"M1: Staren treten bei der HG Oftersheim\/Schwetzingen an"},"content":{"rendered":"<p>HG Oftersheim\/Schwetzingen &#8211; TSV Heiningen, Sonntag 17:00 Uhr<\/p>\n<p>Von Marcus Graf<\/p>\n<p>F\u00fcr die Staren geht es am Sonntag in\u00a0 der Schwetzinger Nordstadthalle um die n\u00e4chsten Punkte. Die Gastgeber waren wie die Staren nach der Vorrunde Tabellenf\u00fchrer in ihrer Staffel.<\/p>\n<p>Nach dem Abstieg letztes Jahr gaben die Gastgeber direkt das Ziel Wiederaufstieg aus und sind nach jetzigem Stand auch noch in Schlagdistanz. Wenngleich man auch die ersten beide Spiele in der Aufstiegsrunde verlor, konnte man letzte Woche mit dem Sieg in Bittenfeld den Anschluss an Neuenb\u00fcrg und Baden Baden halten. Bester Torsch\u00fctze letzte Woche war Florian Burmeister mit 12 Feldtoren.<\/p>\n<p>F\u00fcr die Staren ist nach der knappen Niederlage von letzter Woche der Druck raus. Die Mannschaft kann v\u00f6llig befreit aufspielen und versuchen das bestm\u00f6gliche Ergebnis in Schwetzingen zu holen. Die Mannschaft um Kapit\u00e4n Felix Kohnle m\u00f6chte sich in der Tabelle nach oben verbessern und wird hier sportlich nichts abschenken. Die Defensive muss sich sicher auch wieder auf den siebten Feldspieler einstellen. Die HG nutzte dieses Mittel auch in Bittenfeld und auch im Angriff m\u00fcssen sich die Staren mit zwei Abwehrsystemen auseinandersetzen. Somit kommt einiges auf die Mannschaft von Trainer Mike Wolz zu. Ob dieser am Sonntag dabei sein kann ist noch offen. Ansonsten wir das Team wieder von Simon D\u00fcrner gef\u00fchrt. Dass Mannschaft f\u00fcr das Spiel bestens vorbereitet ist steht au\u00dfer Frage und wird alles in die Waagschale werfen um dort zu bestehen.<\/p>\n<p>&nbsp;<\/p>\n","protected":false},"excerpt":{"rendered":"<p>HG Oftersheim\/Schwetzingen &#8211; TSV Heiningen, Sonntag 17:00 Uhr Von Marcus Graf F\u00fcr die Staren geht es am Sonntag in\u00a0 der Schwetzinger Nordstadthalle um die n\u00e4chsten Punkte. Die Gastgeber waren wie die Staren nach der Vorrunde Tabellenf\u00fchrer in ihrer Staffel. Nach dem Abstieg letztes Jahr gaben die Gastgeber direkt das Ziel Wiederaufstieg aus und sind nach [&hellip;]<\/p>\n","protected":false},"author":23,"featured_media":27126,"comment_status":"open","ping_status":"open","sticky":false,"template":"","format":"standard","meta":{"_acf_changed":false,"footnotes":""},"categories":[1,18,25],"tags":[],"class_list":["post-27765","post","type-post","status-publish","format-standard","has-post-thumbnail","hentry","category-allgemein","category-maenner-1","category-vorberichte"],"acf":[],"_links":{"self":[{"href":"https:\/\/tsv-heiningen.de\/handball\/wp-json\/wp\/v2\/posts\/27765","targetHints":{"allow":["GET"]}}],"collection":[{"href":"https:\/\/tsv-heiningen.de\/handball\/wp-json\/wp\/v2\/posts"}],"about":[{"href":"https:\/\/tsv-heiningen.de\/handball\/wp-json\/wp\/v2\/types\/post"}],"author":[{"embeddable":true,"href":"https:\/\/tsv-heiningen.de\/handball\/wp-json\/wp\/v2\/users\/23"}],"replies":[{"embeddable":true,"href":"https:\/\/tsv-heiningen.de\/handball\/wp-json\/wp\/v2\/comments?post=27765"}],"version-history":[{"count":0,"href":"https:\/\/tsv-heiningen.de\/handball\/wp-json\/wp\/v2\/posts\/27765\/revisions"}],"wp:featuredmedia":[{"embeddable":true,"href":"https:\/\/tsv-heiningen.de\/handball\/wp-json\/wp\/v2\/media\/27126"}],"wp:attachment":[{"href":"https:\/\/tsv-heiningen.de\/handball\/wp-json\/wp\/v2\/media?parent=27765"}],"wp:term":[{"taxonomy":"category","embeddable":true,"href":"https:\/\/tsv-heiningen.de\/handball\/wp-json\/wp\/v2\/categories?post=27765"},{"taxonomy":"post_tag","embeddable":true,"href":"https:\/\/tsv-heiningen.de\/handball\/wp-json\/wp\/v2\/tags?post=27765"}],"curies":[{"name":"wp","href":"https:\/\/api.w.org\/{rel}","templated":true}]}}