{"id":22876,"date":"2021-04-21T15:42:40","date_gmt":"2021-04-21T13:42:40","guid":{"rendered":"https:\/\/tsv-heiningen.de\/handball\/?p=22876"},"modified":"2021-04-28T06:38:01","modified_gmt":"2021-04-28T04:38:01","slug":"m1-tsv-heiningen-ist-fuer-die-neue-saison-gut-vorbereitet","status":"publish","type":"post","link":"https:\/\/tsv-heiningen.de\/handball\/m1-tsv-heiningen-ist-fuer-die-neue-saison-gut-vorbereitet\/","title":{"rendered":"M1: Der TSV ist f\u00fcr die neue Saison gut vorbereitet"},"content":{"rendered":"<p><em>M\u00e4nner 1 mit wenigen \u00c4nderungen im Kader &#8211; Chris Z\u00f6ller wieder zur\u00fcck im TEAM! <\/em><\/p>\n<p>Die sportliche Leitung um Timo Rapp und Marcus Graf konnte nach intensiven Gespr\u00e4chen eine schlagkr\u00e4ftige Mannschaft f\u00fcr die neue Runde zusammenstellen. Leider m\u00fcssen die Staren auch wieder einige Abg\u00e4nge verkraften. Mit Patrick Kleefeld verliert man den Lenker und Denker des Heininger Angriffsspiel, er m\u00f6chte mehr Zeit f\u00fcr die Familie haben und daf\u00fcr w\u00fcnscht ihm die Starenfamilie nur das Beste. Mit Simon D\u00fcrner von der TSG S\u00f6flingen konnte man diese L\u00fccke komplett schlie\u00dfen, Simon D\u00fcrner hat 11 Jahre bei der TSG gespielt und war auch der Spielf\u00fchrer der Ulmer Vorst\u00e4dter. In den letzten drei Jahren hatte man schon immer Kontakt, aber letztendlich hat es erst zur neuen Saison funktioniert. Mit Felix Frey verlieren wir ein Abwehr Bollwerk, leider l\u00e4sst es seine Gesundheit im Moment nicht zu auf diesem Niveau zu spielen. Hier\u00fcber sind wir alle sehr traurig, aber es geht in erster Linie darum, dass Felix wieder komplett gesund wird. Mit Andi Schaaf \u00a0konnte ein erfahrener Linksau\u00dfen gewonnen werden, auch er kommt von der TSG S\u00f6flingen und wird der Mannschaft die n\u00f6tige Stabilit\u00e4t bringen.<\/p>\n<p>Erfreulich ist auch f\u00fcr Mike Wolz, dass Chris Z\u00f6ller wieder zum Team dazust\u00f6\u00dft und als Bindeglied zwischen Trainer und Mannschaft agieren soll. Er wird vor allem den jungen Linksh\u00e4ndern im individuellen Training helfen k\u00f6nnen. Zwei weiter Neuzug\u00e4nge kommen aus der Heininger A-Jugend. Mit Nick Kohnle und Finn Krempl freuen wir uns auf zwei hochtalentierte Spieler aus dem eigenen Starennachwuchs, die zus\u00e4tzlich auch noch in der Jugend spielen werden, wenn es keine \u00dcberschneidungen der Spiele gibt.<\/p>\n<p>Der Rest des Kaders konnte gehalten werden. So stehen im Tor Yanik Braun und Lars Wittlinger sowie Tahla Kabak der in der zweiten Mannschaft spielt. Somit sind wir hier besten aufgestellt. Auf den Au\u00dfenbahnen bleiben Felix Wei\u00dfer sowie Nico Gerasia bestehen. Im R\u00fcckraum sind Felix Kohnle, Dennis Welz, Max Mattes, Mike Heim sowie Routinier Sacha Hartl weiter an Bord. Am Kreis freuen wir uns weiterhin auf das starke Duo Fabian Gross sowie Simon Kosak. Auch die Gute Seele und Mannschaftsbetreuerin Christel Ziegelin ist n\u00e4chstes Jahr weiter mit an Bord.<\/p>\n<p>Freuen d\u00fcrfen sich die Spieler auch auf eine rundum sanierte Voralbhalle. Hier wurde sehr schnell von Hausmeister Manfred Schurr und der Gemeinde reagiert und die spiel- und trainingsfreie Zeit f\u00fcr die Sanierung der Halle genutzt, somit haben die Staren keine Probleme die Vorbereitung in der heimischen Voralbhalle zu bestreiten. Trainer Mike Wolz freut sich auch schon auf den Start der Vorbereitung, um dann auch hoffentlich wieder unter ganz normalen Bedingungen zu trainieren.<\/p>\n<p>&nbsp;<\/p>\n<p>&nbsp;<\/p>\n","protected":false},"excerpt":{"rendered":"<p>M\u00e4nner 1 mit wenigen \u00c4nderungen im Kader &#8211; Chris Z\u00f6ller wieder zur\u00fcck im TEAM! Die sportliche Leitung um Timo Rapp und Marcus Graf konnte nach intensiven Gespr\u00e4chen eine schlagkr\u00e4ftige Mannschaft f\u00fcr die neue Runde zusammenstellen. Leider m\u00fcssen die Staren auch wieder einige Abg\u00e4nge verkraften. Mit Patrick Kleefeld verliert man den Lenker und Denker des Heininger [&hellip;]<\/p>\n","protected":false},"author":31,"featured_media":16666,"comment_status":"open","ping_status":"open","sticky":false,"template":"","format":"standard","meta":{"_acf_changed":false,"footnotes":""},"categories":[1,18],"tags":[],"class_list":["post-22876","post","type-post","status-publish","format-standard","has-post-thumbnail","hentry","category-allgemein","category-maenner-1"],"acf":[],"_links":{"self":[{"href":"https:\/\/tsv-heiningen.de\/handball\/wp-json\/wp\/v2\/posts\/22876","targetHints":{"allow":["GET"]}}],"collection":[{"href":"https:\/\/tsv-heiningen.de\/handball\/wp-json\/wp\/v2\/posts"}],"about":[{"href":"https:\/\/tsv-heiningen.de\/handball\/wp-json\/wp\/v2\/types\/post"}],"author":[{"embeddable":true,"href":"https:\/\/tsv-heiningen.de\/handball\/wp-json\/wp\/v2\/users\/31"}],"replies":[{"embeddable":true,"href":"https:\/\/tsv-heiningen.de\/handball\/wp-json\/wp\/v2\/comments?post=22876"}],"version-history":[{"count":4,"href":"https:\/\/tsv-heiningen.de\/handball\/wp-json\/wp\/v2\/posts\/22876\/revisions"}],"predecessor-version":[{"id":22893,"href":"https:\/\/tsv-heiningen.de\/handball\/wp-json\/wp\/v2\/posts\/22876\/revisions\/22893"}],"wp:featuredmedia":[{"embeddable":true,"href":"https:\/\/tsv-heiningen.de\/handball\/wp-json\/wp\/v2\/media\/16666"}],"wp:attachment":[{"href":"https:\/\/tsv-heiningen.de\/handball\/wp-json\/wp\/v2\/media?parent=22876"}],"wp:term":[{"taxonomy":"category","embeddable":true,"href":"https:\/\/tsv-heiningen.de\/handball\/wp-json\/wp\/v2\/categories?post=22876"},{"taxonomy":"post_tag","embeddable":true,"href":"https:\/\/tsv-heiningen.de\/handball\/wp-json\/wp\/v2\/tags?post=22876"}],"curies":[{"name":"wp","href":"https:\/\/api.w.org\/{rel}","templated":true}]}}