{"id":21803,"date":"2020-03-27T12:45:06","date_gmt":"2020-03-27T11:45:06","guid":{"rendered":"https:\/\/tsv-heiningen.de\/handball\/?p=21803"},"modified":"2020-03-29T13:36:43","modified_gmt":"2020-03-29T11:36:43","slug":"aw-melissa-hick-mit-der-leistungsnadel-des-tsv-ausgezeichnet","status":"publish","type":"post","link":"https:\/\/tsv-heiningen.de\/handball\/aw-melissa-hick-mit-der-leistungsnadel-des-tsv-ausgezeichnet\/","title":{"rendered":"Aw- Melissa Hick mit der Leistungsnadel des TSV ausgezeichnet"},"content":{"rendered":"<p>Bei der letzten Abteilungsversammlung wurde A-Jugendspielerin Melissa Hick von Abteilungsleiter Klaus Zeller mit der Leistungsnadel des TSV Heiningen ausgezeichnet. Eigentlich war die Ehrung f\u00fcr besondere sportliche Erfolge und Leistungen schon im letzten Jahr vorgesehen und wurde nun nachgeholt.<\/p>\n<p>Melissa spielt seit der E-Jugend beim TSV Heiningen. \u00dcber die Sichtung der Bezirksauswahl wurde auch der HVW auf die talentierte Linksh\u00e4nderin aufmerksam und hat sie in die HVW-Auswahl berufen. Mit ihrer Teilnahme am S\u00fcdcamp 2016 und der Berufung in die DHB-Sichtung 2017 war sie unter den zehn Besten ihres Jahrgangs in W\u00fcrttemberg. Im M\u00e4rz 2018 wurde sie von HVW-Pr\u00e4sident Artschwager aus der HVW-F\u00f6rderung verabschiedet und in den Kreis verdienter Kaderathletinnen aufgenommen. Bereits als B-Jugendliche in 2018 und auch in der letzten Saison 2019 konnte sie schon bei Spielen der Frauen 1 mitwirken.<\/p>\n<p>Seit Jahren ist sie anerkannte Leistungstr\u00e4gerin in ihrer Mannschaft, \u00fcbernimmt Verantwortung und setzt sich f\u00fcr ihre Mitspielerinnen und das Team vorbildlich ein. Ihre besondere Spielf\u00e4higkeit und Leistung kommen auch dadurch zum Ausdruck, dass sie seit drei Jahren stets die Scorer-Liste der W\u00fcrttembergliga anf\u00fchrt.<\/p>\n<p>Die Aw und Bw freuen sich mit ihr und gratulieren Melissa zu dieser besonderen Auszeichnung sowie Wertsch\u00e4tzung.<\/p>\n<blockquote><p><img decoding=\"async\" class=\"size-medium wp-image-19588\" src=\"https:\/\/tsv-heiningen.de\/handball\/wp-content\/uploads\/sites\/3\/S-Cup_2019-4-300x200.jpg\" alt=\"\" width=\"300\" height=\"200\" srcset=\"https:\/\/tsv-heiningen.de\/handball\/wp-content\/uploads\/sites\/3\/S-Cup_2019-4-300x200.jpg 300w, https:\/\/tsv-heiningen.de\/handball\/wp-content\/uploads\/sites\/3\/S-Cup_2019-4-293x195.jpg 293w, https:\/\/tsv-heiningen.de\/handball\/wp-content\/uploads\/sites\/3\/S-Cup_2019-4-768x512.jpg 768w, https:\/\/tsv-heiningen.de\/handball\/wp-content\/uploads\/sites\/3\/S-Cup_2019-4-1024x683.jpg 1024w, https:\/\/tsv-heiningen.de\/handball\/wp-content\/uploads\/sites\/3\/S-Cup_2019-4.jpg 1200w\" sizes=\"(max-width: 300px) 100vw, 300px\" \/><\/p><\/blockquote>\n<p><strong>&#8211;das wichtigste zum Schluss: Bleibt alle gesund.<\/strong><\/p>\n<p>&nbsp;<\/p>\n<p>&nbsp;<\/p>\n<p>&nbsp;<\/p>\n<p>&nbsp;<\/p>\n<p>&nbsp;<\/p>\n<p>&nbsp;<\/p>\n<p>&nbsp;<\/p>\n<p>&nbsp;<\/p>\n<p>&nbsp;<\/p>\n","protected":false},"excerpt":{"rendered":"<p>Bei der letzten Abteilungsversammlung wurde A-Jugendspielerin Melissa Hick von Abteilungsleiter Klaus Zeller mit der Leistungsnadel des TSV Heiningen ausgezeichnet. Eigentlich war die Ehrung f\u00fcr besondere sportliche Erfolge und Leistungen schon im letzten Jahr vorgesehen und wurde nun nachgeholt. Melissa spielt seit der E-Jugend beim TSV Heiningen. \u00dcber die Sichtung der Bezirksauswahl wurde auch der HVW [&hellip;]<\/p>\n","protected":false},"author":27,"featured_media":20206,"comment_status":"open","ping_status":"open","sticky":false,"template":"","format":"standard","meta":{"_acf_changed":false,"footnotes":""},"categories":[3,1],"tags":[],"class_list":["post-21803","post","type-post","status-publish","format-standard","has-post-thumbnail","hentry","category-a-weiblich","category-allgemein"],"acf":[],"_links":{"self":[{"href":"https:\/\/tsv-heiningen.de\/handball\/wp-json\/wp\/v2\/posts\/21803","targetHints":{"allow":["GET"]}}],"collection":[{"href":"https:\/\/tsv-heiningen.de\/handball\/wp-json\/wp\/v2\/posts"}],"about":[{"href":"https:\/\/tsv-heiningen.de\/handball\/wp-json\/wp\/v2\/types\/post"}],"author":[{"embeddable":true,"href":"https:\/\/tsv-heiningen.de\/handball\/wp-json\/wp\/v2\/users\/27"}],"replies":[{"embeddable":true,"href":"https:\/\/tsv-heiningen.de\/handball\/wp-json\/wp\/v2\/comments?post=21803"}],"version-history":[{"count":7,"href":"https:\/\/tsv-heiningen.de\/handball\/wp-json\/wp\/v2\/posts\/21803\/revisions"}],"predecessor-version":[{"id":21819,"href":"https:\/\/tsv-heiningen.de\/handball\/wp-json\/wp\/v2\/posts\/21803\/revisions\/21819"}],"wp:featuredmedia":[{"embeddable":true,"href":"https:\/\/tsv-heiningen.de\/handball\/wp-json\/wp\/v2\/media\/20206"}],"wp:attachment":[{"href":"https:\/\/tsv-heiningen.de\/handball\/wp-json\/wp\/v2\/media?parent=21803"}],"wp:term":[{"taxonomy":"category","embeddable":true,"href":"https:\/\/tsv-heiningen.de\/handball\/wp-json\/wp\/v2\/categories?post=21803"},{"taxonomy":"post_tag","embeddable":true,"href":"https:\/\/tsv-heiningen.de\/handball\/wp-json\/wp\/v2\/tags?post=21803"}],"curies":[{"name":"wp","href":"https:\/\/api.w.org\/{rel}","templated":true}]}}