{"id":17967,"date":"2018-12-04T22:12:24","date_gmt":"2018-12-04T21:12:24","guid":{"rendered":"https:\/\/tsv-heiningen.de\/handball\/?p=17967"},"modified":"2018-12-04T22:12:24","modified_gmt":"2018-12-04T21:12:24","slug":"bw-startet-gegen-dd-in-die-rueckrunde","status":"publish","type":"post","link":"https:\/\/tsv-heiningen.de\/handball\/bw-startet-gegen-dd-in-die-rueckrunde\/","title":{"rendered":"Bw startet gegen DD in die R\u00fcckrunde"},"content":{"rendered":"<p>[contact-form][contact-field label=&#8220;Name&#8220; type=&#8220;name&#8220;  required=&#8220;true&#8220; \/][contact-field label=&#8220;E-Mail &#8220; type=&#8220;email&#8220; required=&#8220;true&#8220; \/][contact-field label=&#8220;Website&#8220; type=&#8220;url&#8220; \/][contact-field label=&#8220;Nachricht&#8220; type=&#8220;textarea&#8220; \/][\/contact-form]<\/p>\n<div><\/div>\n<div>Am Sonntag kommt zum Start in die R\u00fcckrunde um 13.15 Uhr mit Deizisau-Denkendorf eine spielstarke Mannschaft nach Heiningen in die Voralbhalle.<\/div>\n<div>Noch schmerzlich ist den Staren der ungl\u00fcckliche Saisonstart, insbesondere wegen der schweren Verletzung von Laresa und einer 4 Tore Niederlage in Erinnerung.<\/div>\n<div>Auch in der BWOL-Quali 2 konnte sich Deizisau trotz ihrem Ausscheiden im direkten Aufeinandertreffen gegen den Starennachwuchs durchsetzen. Wider Erwarten taten sich \u00a0die G\u00e4ste aber in der laufenden Runde sehr schwer und rangieren nach einigen knappen Niederlagen auf dem 8. Platz.<\/div>\n<div>Rechtzeitig zum R\u00fcckspiel in Heiningen scheinen diese aber wieder zur alten St\u00e4rke zur\u00fcckzufinden und am letzten Wochenende konnte dem Tabellenf\u00fchrer Biberach ein Unentschieden abgerungen werden.<\/div>\n<div>Aber auch die Starenm\u00e4dels k\u00f6nnen nach zwei Siegen in Folge selbstbewusst in die Begegnung gehen. Mit einem Erfolg in der Voralbhalle k\u00f6nnen die Starengirls an Deizisau sogar vorbeiziehen.<\/div>\n<div><u>Insider-Tipp: <\/u>Beim Spiel am Sonntag ist guter und vor allem spannender \u00a0Jugendhandball zu sehen.<\/div>\n<div>Die M\u00e4dels freuen sich auf die Begegnung und werden alles daran setzen sich f\u00fcr die Auftaktniederlage zu revanchieren. Mit einer starken Unterst\u00fctzung von der Trib\u00fcne kann das noch besser gelingen.<\/div>\n","protected":false},"excerpt":{"rendered":"<p>[contact-form][contact-field label=&#8220;Name&#8220; type=&#8220;name&#8220; required=&#8220;true&#8220; \/][contact-field label=&#8220;E-Mail &#8220; type=&#8220;email&#8220; required=&#8220;true&#8220; \/][contact-field label=&#8220;Website&#8220; type=&#8220;url&#8220; \/][contact-field label=&#8220;Nachricht&#8220; type=&#8220;textarea&#8220; \/][\/contact-form] Am Sonntag kommt zum Start in die R\u00fcckrunde um 13.15 Uhr mit Deizisau-Denkendorf eine spielstarke Mannschaft nach Heiningen in die Voralbhalle. Noch schmerzlich ist den Staren der ungl\u00fcckliche Saisonstart, insbesondere wegen der schweren Verletzung von Laresa und einer 4 [&hellip;]<\/p>\n","protected":false},"author":27,"featured_media":15245,"comment_status":"open","ping_status":"open","sticky":false,"template":"","format":"standard","meta":{"_acf_changed":false,"footnotes":""},"categories":[6],"tags":[],"class_list":["post-17967","post","type-post","status-publish","format-standard","has-post-thumbnail","hentry","category-b-weiblich"],"acf":[],"_links":{"self":[{"href":"https:\/\/tsv-heiningen.de\/handball\/wp-json\/wp\/v2\/posts\/17967","targetHints":{"allow":["GET"]}}],"collection":[{"href":"https:\/\/tsv-heiningen.de\/handball\/wp-json\/wp\/v2\/posts"}],"about":[{"href":"https:\/\/tsv-heiningen.de\/handball\/wp-json\/wp\/v2\/types\/post"}],"author":[{"embeddable":true,"href":"https:\/\/tsv-heiningen.de\/handball\/wp-json\/wp\/v2\/users\/27"}],"replies":[{"embeddable":true,"href":"https:\/\/tsv-heiningen.de\/handball\/wp-json\/wp\/v2\/comments?post=17967"}],"version-history":[{"count":1,"href":"https:\/\/tsv-heiningen.de\/handball\/wp-json\/wp\/v2\/posts\/17967\/revisions"}],"predecessor-version":[{"id":17968,"href":"https:\/\/tsv-heiningen.de\/handball\/wp-json\/wp\/v2\/posts\/17967\/revisions\/17968"}],"wp:featuredmedia":[{"embeddable":true,"href":"https:\/\/tsv-heiningen.de\/handball\/wp-json\/wp\/v2\/media\/15245"}],"wp:attachment":[{"href":"https:\/\/tsv-heiningen.de\/handball\/wp-json\/wp\/v2\/media?parent=17967"}],"wp:term":[{"taxonomy":"category","embeddable":true,"href":"https:\/\/tsv-heiningen.de\/handball\/wp-json\/wp\/v2\/categories?post=17967"},{"taxonomy":"post_tag","embeddable":true,"href":"https:\/\/tsv-heiningen.de\/handball\/wp-json\/wp\/v2\/tags?post=17967"}],"curies":[{"name":"wp","href":"https:\/\/api.w.org\/{rel}","templated":true}]}}