{"id":16591,"date":"2018-09-13T22:37:37","date_gmt":"2018-09-13T20:37:37","guid":{"rendered":"http:\/\/heiningen-handball.de\/?p=16591"},"modified":"2018-09-13T22:37:37","modified_gmt":"2018-09-13T20:37:37","slug":"b-weiblich-im-trainingslager-in-der-voralbhalle","status":"publish","type":"post","link":"https:\/\/tsv-heiningen.de\/handball\/b-weiblich-im-trainingslager-in-der-voralbhalle\/","title":{"rendered":"Bw: Im Trainingslager in der Voralbhalle"},"content":{"rendered":"<p>Trainingslager der Bw<\/p>\n<p><!--more--><\/p>\n<div><\/div>\n<div>Nach der langen anstrengenden Qualifikation in der Sommerrunde und den erfolgreichen Turnierauftritten in Heiningen und Owen waren die Bw M\u00e4dels auch \u00fcber den Sommer am Ball. Aufgrund der Ferien konnte nat\u00fcrlich nur eingeschr\u00e4nkt trainiert werden da i.d R\u00a0 nur 5 bis 6 Spielerinnen zur Verf\u00fcgung standen.<\/div>\n<div>Deshalb konnte erst in der letzten Woche mit der eigentlichen\u00a0 Vorbereitung auf die Hallenrunde begonnen werden.<\/div>\n<div>Hierzu wurde am Dienstag den 04.09.18 ein Trainingslager in der Voralbhalle durchgef\u00fchrt.<\/div>\n<div>Erfreulich dass von den 14 Spielerinnen <a href=\"11 am\">11 am<\/a> Training teilnehmen konnten, auch wenn einige Spielerinnen aufgrund von Verletzungen nur eingeschr\u00e4nkt mitmachen konnten.<\/div>\n<div><\/div>\n<div>Nach einem schwei\u00dftreibenden Training am Vormittag st\u00e4rkte das gemeinsame Mittagessen die M\u00e4dels f\u00fcr den zweiten Trainingsabschnitt.<\/div>\n<div>Nach der intensiven Nachmittagseinheit hatte die Mannschaft viel Spa\u00df beim anschlie\u00dfenden Teamevent mit Kartfahren in Adelberg.<\/div>\n<div><\/div>\n<div>Die Bw bedankt sich bei der Handballabteilung f\u00fcr die Halle zum Trainingslager und den Sponsoren f\u00fcr das Mittagessen.<\/div>\n","protected":false},"excerpt":{"rendered":"<p>Trainingslager der Bw<\/p>\n","protected":false},"author":27,"featured_media":15245,"comment_status":"open","ping_status":"open","sticky":false,"template":"","format":"standard","meta":{"_acf_changed":false,"footnotes":""},"categories":[6],"tags":[],"class_list":["post-16591","post","type-post","status-publish","format-standard","has-post-thumbnail","hentry","category-b-weiblich"],"acf":[],"_links":{"self":[{"href":"https:\/\/tsv-heiningen.de\/handball\/wp-json\/wp\/v2\/posts\/16591","targetHints":{"allow":["GET"]}}],"collection":[{"href":"https:\/\/tsv-heiningen.de\/handball\/wp-json\/wp\/v2\/posts"}],"about":[{"href":"https:\/\/tsv-heiningen.de\/handball\/wp-json\/wp\/v2\/types\/post"}],"author":[{"embeddable":true,"href":"https:\/\/tsv-heiningen.de\/handball\/wp-json\/wp\/v2\/users\/27"}],"replies":[{"embeddable":true,"href":"https:\/\/tsv-heiningen.de\/handball\/wp-json\/wp\/v2\/comments?post=16591"}],"version-history":[{"count":0,"href":"https:\/\/tsv-heiningen.de\/handball\/wp-json\/wp\/v2\/posts\/16591\/revisions"}],"wp:featuredmedia":[{"embeddable":true,"href":"https:\/\/tsv-heiningen.de\/handball\/wp-json\/wp\/v2\/media\/15245"}],"wp:attachment":[{"href":"https:\/\/tsv-heiningen.de\/handball\/wp-json\/wp\/v2\/media?parent=16591"}],"wp:term":[{"taxonomy":"category","embeddable":true,"href":"https:\/\/tsv-heiningen.de\/handball\/wp-json\/wp\/v2\/categories?post=16591"},{"taxonomy":"post_tag","embeddable":true,"href":"https:\/\/tsv-heiningen.de\/handball\/wp-json\/wp\/v2\/tags?post=16591"}],"curies":[{"name":"wp","href":"https:\/\/api.w.org\/{rel}","templated":true}]}}