{"id":386,"date":"2024-03-04T22:28:09","date_gmt":"2024-03-04T21:28:09","guid":{"rendered":"https:\/\/tsv-heiningen.de\/geraetturnen\/?p=386"},"modified":"2025-09-18T14:48:20","modified_gmt":"2025-09-18T12:48:20","slug":"teilnahme-am-gau-finale-im-geraetturnen","status":"publish","type":"post","link":"https:\/\/tsv-heiningen.de\/geraetturnen\/2024\/03\/04\/teilnahme-am-gau-finale-im-geraetturnen\/","title":{"rendered":"Teilnahme am Gau-Finale im Ger\u00e4tturnen"},"content":{"rendered":"<p>Am Samstag den 2. M\u00e4rz 2024 fand das Gaufinale Ger\u00e4tturnen weiblich in der Lauterhalle\u00a0in Donzdorf statt. Mit dabei waren sieben unserer Turnerinnen, die bei uns zweimal in der Woche trainieren. Die Anspannung war den Kindern anzumerken, da es ihr erster reiner Ger\u00e4tturn-Wettkampf war. Zu den vier Ger\u00e4ten z\u00e4hlen Sprung, Reck, Boden und Balken.<\/p>\n<p>Gestartet hat der Wettkampf f\u00fcr Carolin Frie\u00df im zweiten Durchgang. Sie absolvierte alle Ger\u00e4te mit sehr guten Leistungen, sodass sie sich am Ende mit 56,50 Punkten den 1. Platz des Rahmenwettkampfes der offenen Klasse ab 14 Jahren sichern konnte. Unsere anderen sechs M\u00e4dchen startete im dritten und letzten Durchgang des Tages. Auch f\u00fcr sie war es ein sehr gelungener Wettkampf, denn jede konnte ihre \u00dcbungen gekonnt dem Kampfgericht pr\u00e4sentieren.<\/p>\n<p>Am Ende erreichten alle sehr gute Platzierungen, wor\u00fcber sich die Kinder sehr gefreut haben. Auch die Freude war riesig, als sie auf den Podestpl\u00e4tzen stehen durften!<\/p>\n<p><strong>Die Platzierungen im Einzelnen:<\/strong><\/p>\n<p><img decoding=\"async\" class=\"wp-image-387 alignleft\" src=\"https:\/\/tsv-heiningen.de\/geraetturnen\/wp-content\/uploads\/sites\/25\/GauFinale-Bild1-scaled.jpg\" alt=\"\" width=\"388\" height=\"321\" srcset=\"https:\/\/tsv-heiningen.de\/geraetturnen\/wp-content\/uploads\/sites\/25\/\/GauFinale-Bild1-scaled.jpg 1304w, https:\/\/tsv-heiningen.de\/geraetturnen\/wp-content\/uploads\/sites\/25\/\/GauFinale-Bild1-768x636.jpg 768w, https:\/\/tsv-heiningen.de\/geraetturnen\/wp-content\/uploads\/sites\/25\/\/GauFinale-Bild1-1536x1272.jpg 1536w, https:\/\/tsv-heiningen.de\/geraetturnen\/wp-content\/uploads\/sites\/25\/\/GauFinale-Bild1-2048x1696.jpg 2048w\" sizes=\"(max-width: 388px) 100vw, 388px\" \/><strong>Rahmenwettkampf Einzel AK 10<\/strong><\/p>\n<ul>\n<li>Leona Baumann \u2013 1. Platz<\/li>\n<li>Leni Marie G\u00f6tz \u2013 2. Platz<\/li>\n<li>Lina Holzmann \u2013 4. Platz<\/li>\n<\/ul>\n<p><strong>Rahmenwettkampf Einzel AK 11<\/strong><\/p>\n<ul>\n<li>Finja Seyfang \u2013 1. Platz<\/li>\n<li>Lina D\u00fcrler \u2013 2. Platz<\/li>\n<li>Felice Kohls 3. Platz<\/li>\n<\/ul>\n<p><strong>Rahmenwettkampf Einzel offene Klasse ab 14 Jahre<\/strong><\/p>\n<ul>\n<li>Carolin Frie\u00df \u2013 1. Platz<\/li>\n<\/ul>\n<p>Das gesamte Trainerteam gratuliert allen sieben herzlich zu ihren herausragenden Leistungen!<\/p>\n<p><img decoding=\"async\" class=\"alignnone wp-image-388\" src=\"https:\/\/tsv-heiningen.de\/geraetturnen\/wp-content\/uploads\/sites\/25\/GauFinale-Bild2-scaled.jpg\" alt=\"\" width=\"578\" height=\"416\" srcset=\"https:\/\/tsv-heiningen.de\/geraetturnen\/wp-content\/uploads\/sites\/25\/\/GauFinale-Bild2-scaled.jpg 1499w, https:\/\/tsv-heiningen.de\/geraetturnen\/wp-content\/uploads\/sites\/25\/\/GauFinale-Bild2-768x553.jpg 768w, https:\/\/tsv-heiningen.de\/geraetturnen\/wp-content\/uploads\/sites\/25\/\/GauFinale-Bild2-1536x1107.jpg 1536w, https:\/\/tsv-heiningen.de\/geraetturnen\/wp-content\/uploads\/sites\/25\/\/GauFinale-Bild2-2048x1476.jpg 2048w\" sizes=\"(max-width: 578px) 100vw, 578px\" \/><\/p>\n<p><em>Von hinten links: Lina D\u00fcrler, Felice Kohls, Leona Baumann, vorne\u00a0links: Leni G\u00f6tz, Finja Seyfang, Lina Holzmann, Carolin Frie\u00df<\/em><\/p>\n<p>Au\u00dferdem bedanken wir uns ganz herzlich bei den Kampfrichterinnen Lisa Mohring, Jasmin Huttenlocher und Senta Kehrer, die es den Kindern m\u00f6glich gemacht haben am Wettkampf teilzunehmen. Ebenso gilt ein Dank an die helfenden Trainerinnen vor Ort, die die Kinder durch den Wettkampf begleitet haben.<\/p>\n","protected":false},"excerpt":{"rendered":"<p>Am Samstag den 2. M\u00e4rz 2024 fand das Gaufinale Ger\u00e4tturnen weiblich in der Lauterhalle\u00a0in Donzdorf statt. Mit dabei waren sieben unserer Turnerinnen, die bei uns zweimal in der Woche trainieren. Die Anspannung war den Kindern anzumerken, da es ihr erster reiner Ger\u00e4tturn-Wettkampf war. Zu den vier Ger\u00e4ten z\u00e4hlen Sprung, Reck, Boden und Balken. Gestartet hat [&hellip;]<\/p>\n","protected":false},"author":44,"featured_media":388,"comment_status":"open","ping_status":"open","sticky":false,"template":"","format":"standard","meta":{"_acf_changed":false,"footnotes":""},"categories":[1],"tags":[],"class_list":["post-386","post","type-post","status-publish","format-standard","has-post-thumbnail","hentry","category-allgemein"],"acf":[],"_links":{"self":[{"href":"https:\/\/tsv-heiningen.de\/geraetturnen\/wp-json\/wp\/v2\/posts\/386","targetHints":{"allow":["GET"]}}],"collection":[{"href":"https:\/\/tsv-heiningen.de\/geraetturnen\/wp-json\/wp\/v2\/posts"}],"about":[{"href":"https:\/\/tsv-heiningen.de\/geraetturnen\/wp-json\/wp\/v2\/types\/post"}],"author":[{"embeddable":true,"href":"https:\/\/tsv-heiningen.de\/geraetturnen\/wp-json\/wp\/v2\/users\/44"}],"replies":[{"embeddable":true,"href":"https:\/\/tsv-heiningen.de\/geraetturnen\/wp-json\/wp\/v2\/comments?post=386"}],"version-history":[{"count":2,"href":"https:\/\/tsv-heiningen.de\/geraetturnen\/wp-json\/wp\/v2\/posts\/386\/revisions"}],"predecessor-version":[{"id":390,"href":"https:\/\/tsv-heiningen.de\/geraetturnen\/wp-json\/wp\/v2\/posts\/386\/revisions\/390"}],"wp:featuredmedia":[{"embeddable":true,"href":"https:\/\/tsv-heiningen.de\/geraetturnen\/wp-json\/wp\/v2\/media\/388"}],"wp:attachment":[{"href":"https:\/\/tsv-heiningen.de\/geraetturnen\/wp-json\/wp\/v2\/media?parent=386"}],"wp:term":[{"taxonomy":"category","embeddable":true,"href":"https:\/\/tsv-heiningen.de\/geraetturnen\/wp-json\/wp\/v2\/categories?post=386"},{"taxonomy":"post_tag","embeddable":true,"href":"https:\/\/tsv-heiningen.de\/geraetturnen\/wp-json\/wp\/v2\/tags?post=386"}],"curies":[{"name":"wp","href":"https:\/\/api.w.org\/{rel}","templated":true}]}}